{"id":3675,"date":"2021-06-02T20:10:09","date_gmt":"2021-06-02T19:10:09","guid":{"rendered":"https:\/\/www.lagota.ch\/?p=3675"},"modified":"2021-06-02T20:10:55","modified_gmt":"2021-06-02T19:10:55","slug":"unsere-ideen-konnen-nicht-geraumt-werden","status":"publish","type":"post","link":"https:\/\/www.lagota.ch\/?p=3675","title":{"rendered":"Unsere Ideen k\u00f6nnen nicht ger\u00e4umt werden"},"content":{"rendered":"\n<p><strong>Samstag 5. Juni DEMO IN LUGANO<br>GEGEN DIE R\u00e4UMUNG DES AZ IL MOLINO!!!<\/strong><\/p>\n\n\n\n<figure class=\"wp-block-image size-large\"><a href=\"https:\/\/www.lagota.ch\/wp-content\/uploads\/arton4538.png\"><img loading=\"lazy\" decoding=\"async\" width=\"710\" height=\"398\" src=\"https:\/\/www.lagota.ch\/wp-content\/uploads\/arton4538.png\" alt=\"\" class=\"wp-image-3678\" srcset=\"https:\/\/www.lagota.ch\/wp-content\/uploads\/arton4538.png 710w, https:\/\/www.lagota.ch\/wp-content\/uploads\/arton4538-300x168.png 300w\" sizes=\"auto, (max-width: 710px) 100vw, 710px\" \/><\/a><\/figure>\n\n\n\n<p>Am Samstag, den 29. Mai nach der Demo in der Stadt und w\u00e4hrend einer<br>T.A.Z. im Zentrum, haben die kantonalen und st\u00e4dtischen Beh\u00f6rden mit der<br>R\u00e4umung von CSOA Molino ihr wahres Gesicht gezeigt: Militarisierung der<br>Stadt mit Bereitschaftspolizei aus dem Kanton Waad und Genf, Drohnen,<br>Pfefferspray und Schlagst\u00f6cke.<br>Dar\u00fcber hinaus gab es kleine Gruppen von Neofaschisten, die<br>Demonstrant*innen schlagen wollten und provozierten. Sie wurden<br>offensichtlich von der Polizei geduldet und teilweise sogar gesch\u00fctzt.<br>Menschen an der T.A.Z. wurden gekesselt, IL MOLINO wurde ger\u00e4umt und<br>sp\u00e4t in der Nacht wurde ein Teil der R\u00e4ume des sozialen Zentrums mit<br>Baggern abgerissen.<br>Das Ziel ist, jede Form der Selbstorganisation von unten zum Schweigen<br>zu bringen und dabei Menschen zu ver\u00e4ngstigen. Jede Form des<br>k\u00fcnstlerischen, kulturellen und politischen Ausdrucks, der nicht in die<br>starren kapitalistischen Muster einer Profit-Stadt reinpasst wird<br>zerst\u00f6rt.<\/p>\n\n\n\n<p>Glauben diejenigen, die die R\u00e4umung angeordnet haben, wirklich, dass sie<br>mehr als 20 Jahre Selbstverwaltung im Tessin in einer Nacht ausl\u00f6schen<br>k\u00f6nnen? Dann liegen sie falsch. Die Tr\u00e4ume, Erinnerungen und K\u00e4mpfe<br>derer, die in all den Jahren den Molino gelebt und durchquert haben,<br>k\u00f6nnen weder zugemauert noch abgerissen werden&#8230; denn unsere Liebe zur<br>Freiheit ist st\u00e4rker als jede Autorit\u00e4t!!<\/p>\n\n\n\n<p>Unter den Tr\u00fcmmerhaufen werden wir wie Unkraut noch st\u00e4rker keimen.<br>Der Molino LEBT!<\/p>\n\n\n\n<p><strong>Samstag, 5. Juni ALLE AUF DIE STRASSEN!<\/strong><br>F\u00fcr eine laute und entschlossene Demo (bringt T\u00f6pfe, Trommeln,<br>Trillerpfeifen\u2026)<\/p>\n\n\n\n<p><strong>13:30 auf dem RIVOLTA Platz (ehemaliger Riforma Platz) in Lugano<\/strong><\/p>\n\n\n\n<p>Telegramm-Kanal: CONTROINFORMA-TI (t.me\/controinformati)<br>frecciaspezzata.noblogs.org<br>inventati.org\/molino<br><br>Quelle: <a href=\"https:\/\/barrikade.info\/article\/4538\">https:\/\/barrikade.info\/article\/4538<\/a><\/p>\n","protected":false},"excerpt":{"rendered":"<p>Samstag 5. Juni DEMO IN LUGANOGEGEN DIE R\u00e4UMUNG DES AZ IL MOLINO!!! Am Samstag, den 29. Mai nach der Demo in der Stadt und w\u00e4hrend einerT.A.Z. im Zentrum, haben die kantonalen und st\u00e4dtischen Beh\u00f6rden mit derR\u00e4umung von CSOA Molino ihr &hellip; <a href=\"https:\/\/www.lagota.ch\/?p=3675\">Continue reading <span class=\"meta-nav\">&rarr;<\/span><\/a><\/p>\n","protected":false},"author":1,"featured_media":0,"comment_status":"closed","ping_status":"open","sticky":false,"template":"","format":"standard","meta":{"footnotes":""},"categories":[49,16,18],"tags":[],"class_list":["post-3675","post","type-post","status-publish","format-standard","hentry","category-antirep","category-schweiz","category-squat-the-world"],"_links":{"self":[{"href":"https:\/\/www.lagota.ch\/index.php?rest_route=\/wp\/v2\/posts\/3675","targetHints":{"allow":["GET"]}}],"collection":[{"href":"https:\/\/www.lagota.ch\/index.php?rest_route=\/wp\/v2\/posts"}],"about":[{"href":"https:\/\/www.lagota.ch\/index.php?rest_route=\/wp\/v2\/types\/post"}],"author":[{"embeddable":true,"href":"https:\/\/www.lagota.ch\/index.php?rest_route=\/wp\/v2\/users\/1"}],"replies":[{"embeddable":true,"href":"https:\/\/www.lagota.ch\/index.php?rest_route=%2Fwp%2Fv2%2Fcomments&post=3675"}],"version-history":[{"count":3,"href":"https:\/\/www.lagota.ch\/index.php?rest_route=\/wp\/v2\/posts\/3675\/revisions"}],"predecessor-version":[{"id":3679,"href":"https:\/\/www.lagota.ch\/index.php?rest_route=\/wp\/v2\/posts\/3675\/revisions\/3679"}],"wp:attachment":[{"href":"https:\/\/www.lagota.ch\/index.php?rest_route=%2Fwp%2Fv2%2Fmedia&parent=3675"}],"wp:term":[{"taxonomy":"category","embeddable":true,"href":"https:\/\/www.lagota.ch\/index.php?rest_route=%2Fwp%2Fv2%2Fcategories&post=3675"},{"taxonomy":"post_tag","embeddable":true,"href":"https:\/\/www.lagota.ch\/index.php?rest_route=%2Fwp%2Fv2%2Ftags&post=3675"}],"curies":[{"name":"wp","href":"https:\/\/api.w.org\/{rel}","templated":true}]}}