{"id":3684,"date":"2021-06-14T11:51:19","date_gmt":"2021-06-14T10:51:19","guid":{"rendered":"https:\/\/www.lagota.ch\/?p=3684"},"modified":"2021-06-14T11:51:19","modified_gmt":"2021-06-14T10:51:19","slug":"luzern-bleibt-nazifrei","status":"publish","type":"post","link":"https:\/\/www.lagota.ch\/?p=3684","title":{"rendered":"Luzern bleibt Nazifrei!"},"content":{"rendered":"<p><a href=\"https:\/\/www.lagota.ch\/wp-content\/uploads\/fcknzs-1.jpg\"><img loading=\"lazy\" decoding=\"async\" class=\"alignleft size-large wp-image-3685\" src=\"https:\/\/www.lagota.ch\/wp-content\/uploads\/fcknzs-1-1024x576.jpg\" alt=\"\" width=\"640\" height=\"360\" srcset=\"https:\/\/www.lagota.ch\/wp-content\/uploads\/fcknzs-1-1024x576.jpg 1024w, https:\/\/www.lagota.ch\/wp-content\/uploads\/fcknzs-1-300x169.jpg 300w, https:\/\/www.lagota.ch\/wp-content\/uploads\/fcknzs-1-768x432.jpg 768w, https:\/\/www.lagota.ch\/wp-content\/uploads\/fcknzs-1.jpg 1334w\" sizes=\"auto, (max-width: 640px) 100vw, 640px\" \/><\/a><br \/>\nGestern Samstag, 12. Juni versammelten sich mehrere hundert Personen aus der verschw\u00f6rungsmysthischen, reaktion\u00e4ren Szene in Luzern, um unbewilligt gegen eine vermeintliche Diktatur des Bundesrats zu protestieren. Darunter befanden sich mehrere bekannte und gewaltbereite Neonazis und rechtsextreme Schl\u00e4ger.<br \/>\nUnser Widerstand galt ebendiesen faschistischen Kr\u00e4ften, welche gezielt versucht haben, Menschen aus der Zivilgesellschaft anzugreifen. Wir konnten mehrere Exponenten der PNOS, Jungen Tat, Militantes Suisse und Mitglieder verbotener Rockergruppierungen aus Ostdeutschland identifizieren.<br \/>\nWir konnten auch beobachten, wie f\u00fchrende K\u00f6pfe der \u00abmass-voll\u00bb-Sekte sich in freundschaftlicher Manier mit Faschisten unterhielten und umarmten.<br \/>\nEs kam an diversen Orten in der Innenstadt zu gewaltt\u00e4tigen \u00dcbergriffen von Nazis gegen mutige Antifaschist*innen. Dabei hat die Luzerner Polizei bewusst Absperrungen ge\u00f6ffnet, um dem braunen Mob freien Lauf zu lassen. Mitglieder der \u00abFreiheitstrychler\u00bb haben sie dabei unterst\u00fctzt und versucht, das Geschehen abzuschirmen.<br \/>\nAn anderer Stelle hat die Luzerner Polizei antifaschistische Transparente entfernt, w\u00e4hrend sie Corona-Schwurbler ungehindert mit geschichtsrevisionistischen und menschenverachtenden Plakaten gew\u00e4hren liessen. Gem\u00e4ss verschiedener Augenzeug*innenberichten, wurde das mehrfache Zeigen des Hitlergrusses von der Luzerner Polizei bewusst ignoriert.<br \/>\nWir sind best\u00fcrzt und w\u00fctend \u00fcber diese offene Zurschaustellung rechtsextremer, menschenverachtender Hetze in Luzern und nicht verwundert \u00fcber die Inkompetenz der Luzerner Polizei. Erw\u00e4hnenswert ist auch die Rolle der medialen Berichterstattung. Es handelte sich bei den gestrigen Vorkommnissen nicht um eine Demo f\u00fcr und eine gegen die Coronamassnahmen. Der Staat handelt in dieser Pandemie nur im Interesse des Kapitals. Maske tragen und Abstand halten sind Akte der Solidarit\u00e4t unseren Mitmenschen gegen\u00fcber.<br \/>\nWir bedanken uns bei allen Menschen, die sich gestern mutig den Neonazis in den Weg gestellt haben. Antifaschismus ist und bleibt Handarbeit.<br \/>\nKein Fussbreit dem Faschismus, in Luzern und \u00fcberall!<br \/>\nAntifa Luzern<\/p>\n","protected":false},"excerpt":{"rendered":"<p>Gestern Samstag, 12. Juni versammelten sich mehrere hundert Personen aus der verschw\u00f6rungsmysthischen, reaktion\u00e4ren Szene in Luzern, um unbewilligt gegen eine vermeintliche Diktatur des Bundesrats zu protestieren. Darunter befanden sich mehrere bekannte und gewaltbereite Neonazis und rechtsextreme Schl\u00e4ger. Unser Widerstand galt &hellip; <a href=\"https:\/\/www.lagota.ch\/?p=3684\">Continue reading <span class=\"meta-nav\">&rarr;<\/span><\/a><\/p>\n","protected":false},"author":1,"featured_media":0,"comment_status":"closed","ping_status":"open","sticky":false,"template":"","format":"standard","meta":{"footnotes":""},"categories":[13,328,1214,11,4],"tags":[1149,1263,1298,902,307],"class_list":["post-3684","post","type-post","status-publish","format-standard","hentry","category-antifa","category-antira","category-corona","category-luzern","category-veranstaltung","tag-antifa","tag-junge-tat","tag-militante-suisse","tag-nazis","tag-pnos"],"_links":{"self":[{"href":"https:\/\/www.lagota.ch\/index.php?rest_route=\/wp\/v2\/posts\/3684","targetHints":{"allow":["GET"]}}],"collection":[{"href":"https:\/\/www.lagota.ch\/index.php?rest_route=\/wp\/v2\/posts"}],"about":[{"href":"https:\/\/www.lagota.ch\/index.php?rest_route=\/wp\/v2\/types\/post"}],"author":[{"embeddable":true,"href":"https:\/\/www.lagota.ch\/index.php?rest_route=\/wp\/v2\/users\/1"}],"replies":[{"embeddable":true,"href":"https:\/\/www.lagota.ch\/index.php?rest_route=%2Fwp%2Fv2%2Fcomments&post=3684"}],"version-history":[{"count":1,"href":"https:\/\/www.lagota.ch\/index.php?rest_route=\/wp\/v2\/posts\/3684\/revisions"}],"predecessor-version":[{"id":3686,"href":"https:\/\/www.lagota.ch\/index.php?rest_route=\/wp\/v2\/posts\/3684\/revisions\/3686"}],"wp:attachment":[{"href":"https:\/\/www.lagota.ch\/index.php?rest_route=%2Fwp%2Fv2%2Fmedia&parent=3684"}],"wp:term":[{"taxonomy":"category","embeddable":true,"href":"https:\/\/www.lagota.ch\/index.php?rest_route=%2Fwp%2Fv2%2Fcategories&post=3684"},{"taxonomy":"post_tag","embeddable":true,"href":"https:\/\/www.lagota.ch\/index.php?rest_route=%2Fwp%2Fv2%2Ftags&post=3684"}],"curies":[{"name":"wp","href":"https:\/\/api.w.org\/{rel}","templated":true}]}}