{"id":3688,"date":"2021-06-23T11:40:26","date_gmt":"2021-06-23T10:40:26","guid":{"rendered":"https:\/\/www.lagota.ch\/?p=3688"},"modified":"2021-06-23T11:40:26","modified_gmt":"2021-06-23T10:40:26","slug":"demo-gegen-besatzung-und-volkermord","status":"publish","type":"post","link":"https:\/\/www.lagota.ch\/?p=3688","title":{"rendered":"Demo gegen Besatzung und V\u00f6lkermord"},"content":{"rendered":"\n<h3 class=\"wp-block-heading\"><strong>Sag Stopp der t\u00fcrkischen Besatzung in Kurdistan!<\/strong><\/h3>\n\n\n\n<p>Samstag, 26.06.2021, 14:00, Sch\u00fctzenmatte, Bern<\/p>\n\n\n\n<figure class=\"wp-block-image size-large\"><a href=\"https:\/\/www.lagota.ch\/wp-content\/uploads\/arton4629.jpg\"><img loading=\"lazy\" decoding=\"async\" width=\"710\" height=\"398\" src=\"https:\/\/www.lagota.ch\/wp-content\/uploads\/arton4629.jpg\" alt=\"\" class=\"wp-image-3689\" srcset=\"https:\/\/www.lagota.ch\/wp-content\/uploads\/arton4629.jpg 710w, https:\/\/www.lagota.ch\/wp-content\/uploads\/arton4629-300x168.jpg 300w\" sizes=\"auto, (max-width: 710px) 100vw, 710px\" \/><\/a><\/figure>\n\n\n\n<p>Der t\u00fcrkische Staat greift seit Anfang Jahr kurdische Gebiete in S\u00fcdkurdistan\/Nordirak an. Letzte Woche ermordete ein organisierter Faschist Deniz Poyraz in einem HDP-B\u00fcro in Izmir. Gestern Dienstag wurden landesweit \u00fcber 100 Razzien gegen die kurdische und demokratische Opposition durchgef\u00fchrt.<\/p>\n\n\n\n<p>Die kurdische Freiheitsbewegung in Bern ruft alle solidarischen Menschen auf sich an der (bewilligten) Demo zu beteiligen. Kommen wir zahlreich zusammen f\u00fcr ein kraftvolles Zeichen f\u00fcr Freiheit, Frauenbefreiung und demokratische Selbstbestimmung!<\/p>\n","protected":false},"excerpt":{"rendered":"<p>Sag Stopp der t\u00fcrkischen Besatzung in Kurdistan! Samstag, 26.06.2021, 14:00, Sch\u00fctzenmatte, Bern Der t\u00fcrkische Staat greift seit Anfang Jahr kurdische Gebiete in S\u00fcdkurdistan\/Nordirak an. Letzte Woche ermordete ein organisierter Faschist Deniz Poyraz in einem HDP-B\u00fcro in Izmir. Gestern Dienstag wurden &hellip; <a href=\"https:\/\/www.lagota.ch\/?p=3688\">Continue reading <span class=\"meta-nav\">&rarr;<\/span><\/a><\/p>\n","protected":false},"author":1,"featured_media":0,"comment_status":"closed","ping_status":"open","sticky":false,"template":"","format":"standard","meta":{"footnotes":""},"categories":[13,49,713,16,4],"tags":[1299,859,1163,447,1300],"class_list":["post-3688","post","type-post","status-publish","format-standard","hentry","category-antifa","category-antirep","category-kurdistan","category-schweiz","category-veranstaltung","tag-besatzung","tag-hdp","tag-kurdistan","tag-turkei","tag-volkermord"],"_links":{"self":[{"href":"https:\/\/www.lagota.ch\/index.php?rest_route=\/wp\/v2\/posts\/3688","targetHints":{"allow":["GET"]}}],"collection":[{"href":"https:\/\/www.lagota.ch\/index.php?rest_route=\/wp\/v2\/posts"}],"about":[{"href":"https:\/\/www.lagota.ch\/index.php?rest_route=\/wp\/v2\/types\/post"}],"author":[{"embeddable":true,"href":"https:\/\/www.lagota.ch\/index.php?rest_route=\/wp\/v2\/users\/1"}],"replies":[{"embeddable":true,"href":"https:\/\/www.lagota.ch\/index.php?rest_route=%2Fwp%2Fv2%2Fcomments&post=3688"}],"version-history":[{"count":1,"href":"https:\/\/www.lagota.ch\/index.php?rest_route=\/wp\/v2\/posts\/3688\/revisions"}],"predecessor-version":[{"id":3690,"href":"https:\/\/www.lagota.ch\/index.php?rest_route=\/wp\/v2\/posts\/3688\/revisions\/3690"}],"wp:attachment":[{"href":"https:\/\/www.lagota.ch\/index.php?rest_route=%2Fwp%2Fv2%2Fmedia&parent=3688"}],"wp:term":[{"taxonomy":"category","embeddable":true,"href":"https:\/\/www.lagota.ch\/index.php?rest_route=%2Fwp%2Fv2%2Fcategories&post=3688"},{"taxonomy":"post_tag","embeddable":true,"href":"https:\/\/www.lagota.ch\/index.php?rest_route=%2Fwp%2Fv2%2Ftags&post=3688"}],"curies":[{"name":"wp","href":"https:\/\/api.w.org\/{rel}","templated":true}]}}