{"id":3697,"date":"2021-07-02T10:40:03","date_gmt":"2021-07-02T09:40:03","guid":{"rendered":"https:\/\/www.lagota.ch\/?p=3697"},"modified":"2021-07-02T10:40:03","modified_gmt":"2021-07-02T09:40:03","slug":"aarau-halt-abstand","status":"publish","type":"post","link":"https:\/\/www.lagota.ch\/?p=3697","title":{"rendered":"Aarau h\u00e4lt Abstand"},"content":{"rendered":"\n<p><strong>Erneut mobilisieren angebliche Massnahmenkritiker*innen respektive Coronaleugner*innen nach Aarau. Dieses Mal f\u00fcr Samstag den 3. Juli. Die Problematik dieser Demonstrationen wurde in den vergangenen Monaten bereits ausf\u00fchrlich an unterschiedlichsten Stellen thematisiert.<\/strong><br><br><img loading=\"lazy\" decoding=\"async\" width=\"710\" height=\"398\" class=\"wp-image-3698\" style=\"width: 400px; height: 300px\" src=\"https:\/\/www.lagota.ch\/wp-content\/uploads\/arton4631.png\" alt=\"\" srcset=\"https:\/\/www.lagota.ch\/wp-content\/uploads\/arton4631.png 710w, https:\/\/www.lagota.ch\/wp-content\/uploads\/arton4631-300x168.png 300w\" sizes=\"auto, (max-width: 710px) 100vw, 710px\" \/><\/p>\n\n\n\n<p>Aarau soll nicht erneut ein Brennpunkt von teilweise antisemitschen Verschw\u00f6rungsideolog*innen und deren gewaltt\u00e4tigen Nazi-Anh\u00e4ngen werden, damit sie mit ihrem unsolidarischen Verhalten die Bev\u00f6lkerung bel\u00e4stigen und gef\u00e4hrden k\u00f6nnen. Bereits auf ihrer letzten Demonstration vor nicht einmal einem Monat hat sich gezeigt, dass auf die Polizei kein Verlass ist. Erfreulicherweise gab es aber auch viele Mitb\u00fcrger*innen, die ihren Unmut auf vielf\u00e4ltige Weise zum Ausdruck gebracht haben. Wir haben es selbst in der Hand: Lasst uns in Gruppen zusammenschliessen und uns darauf vorbereiten. Verhindern wir gemeinsam den Aufmarsch rechter Schwurbler*innen oder bereiten wir ihnen zumindest einen m\u00f6glichst unangenehmen Aufenthalt in Aarau.<\/p>\n\n\n\n<p>Nat\u00fcrlich passen wir aufeinander auf und sch\u00fctzen uns selbst. Bleibt aufmerksam und achtet auf Ank\u00fcndigungen. Wir sehen uns am 3. Juli auf der Strasse. Gemeinsam f\u00fcr ein solidarisches Miteinander!<\/p>\n","protected":false},"excerpt":{"rendered":"<p>Erneut mobilisieren angebliche Massnahmenkritiker*innen respektive Coronaleugner*innen nach Aarau. Dieses Mal f\u00fcr Samstag den 3. Juli. Die Problematik dieser Demonstrationen wurde in den vergangenen Monaten bereits ausf\u00fchrlich an unterschiedlichsten Stellen thematisiert. Aarau soll nicht erneut ein Brennpunkt von teilweise antisemitschen Verschw\u00f6rungsideolog*innen &hellip; <a href=\"https:\/\/www.lagota.ch\/?p=3697\">Continue reading <span class=\"meta-nav\">&rarr;<\/span><\/a><\/p>\n","protected":false},"author":1,"featured_media":0,"comment_status":"closed","ping_status":"open","sticky":false,"template":"","format":"standard","meta":{"footnotes":""},"categories":[1],"tags":[],"class_list":["post-3697","post","type-post","status-publish","format-standard","hentry","category-uncategorized"],"_links":{"self":[{"href":"https:\/\/www.lagota.ch\/index.php?rest_route=\/wp\/v2\/posts\/3697","targetHints":{"allow":["GET"]}}],"collection":[{"href":"https:\/\/www.lagota.ch\/index.php?rest_route=\/wp\/v2\/posts"}],"about":[{"href":"https:\/\/www.lagota.ch\/index.php?rest_route=\/wp\/v2\/types\/post"}],"author":[{"embeddable":true,"href":"https:\/\/www.lagota.ch\/index.php?rest_route=\/wp\/v2\/users\/1"}],"replies":[{"embeddable":true,"href":"https:\/\/www.lagota.ch\/index.php?rest_route=%2Fwp%2Fv2%2Fcomments&post=3697"}],"version-history":[{"count":1,"href":"https:\/\/www.lagota.ch\/index.php?rest_route=\/wp\/v2\/posts\/3697\/revisions"}],"predecessor-version":[{"id":3699,"href":"https:\/\/www.lagota.ch\/index.php?rest_route=\/wp\/v2\/posts\/3697\/revisions\/3699"}],"wp:attachment":[{"href":"https:\/\/www.lagota.ch\/index.php?rest_route=%2Fwp%2Fv2%2Fmedia&parent=3697"}],"wp:term":[{"taxonomy":"category","embeddable":true,"href":"https:\/\/www.lagota.ch\/index.php?rest_route=%2Fwp%2Fv2%2Fcategories&post=3697"},{"taxonomy":"post_tag","embeddable":true,"href":"https:\/\/www.lagota.ch\/index.php?rest_route=%2Fwp%2Fv2%2Ftags&post=3697"}],"curies":[{"name":"wp","href":"https:\/\/api.w.org\/{rel}","templated":true}]}}