{"id":3700,"date":"2021-07-07T19:22:46","date_gmt":"2021-07-07T18:22:46","guid":{"rendered":"https:\/\/www.lagota.ch\/?p=3700"},"modified":"2021-07-07T19:22:46","modified_gmt":"2021-07-07T18:22:46","slug":"demo-wir-tragen-eure-krise-nicht","status":"publish","type":"post","link":"https:\/\/www.lagota.ch\/?p=3700","title":{"rendered":"Demo wir tragen eure Krise nicht!"},"content":{"rendered":"<p><strong>Der Sommer ist da, die Fall-Zahlen r\u00fcckl\u00e4ufig, die Schweiz hat sich ein fettes St\u00fcck vom globalen Impfkuchen gesichert und die Aktienkurse steigen: Ende gut, alles gut also, und Zeit, Strandferien zu buchen, wie uns die Wirtschaftsverb\u00e4nde und Tourismussektoren weismachen wollen?<\/strong><\/p>\n<p><strong>NEIN. Zeit, auf die Strassen zu gehen und zu k\u00e4mpfen! Denn nichts ist gut. Nicht f\u00fcr uns!<\/strong><\/p>\n<p><a href=\"https:\/\/www.lagota.ch\/wp-content\/uploads\/arton4647.png\"><img loading=\"lazy\" decoding=\"async\" class=\"alignleft size-full wp-image-3701\" src=\"https:\/\/www.lagota.ch\/wp-content\/uploads\/arton4647.png\" alt=\"\" width=\"710\" height=\"398\" srcset=\"https:\/\/www.lagota.ch\/wp-content\/uploads\/arton4647.png 710w, https:\/\/www.lagota.ch\/wp-content\/uploads\/arton4647-300x168.png 300w\" sizes=\"auto, (max-width: 710px) 100vw, 710px\" \/><\/a><br \/>\nF\u00fcr uns, die wir keine Aktien haben, sondern nach einem Jahr Kurzarbeit oder Arbeitslosigkeit pleite sind. F\u00fcr uns, deren Renten und Bildung zwecks Bezahlbarmachung von Investitionsprogrammen angegriffen werden. F\u00fcr uns, deren Verwandte gestorben sind, weil die Wirtschaft um jeden Preis am Laufen gehalten werden musste. F\u00fcr uns Frauen* und FLINTA, die wir noch mehr unbezahlte Care-Arbeit ausrichten m\u00fcssen und uns \u00fcberall auf der Welt versch\u00e4rfter patriarchaler Gewalt ausgesetzt sehen. F\u00fcr uns Jugendliche, die keine Chance haben, auf August eine Lehrstelle zu finden. F\u00fcr unsere Geschwister im globalen S\u00fcden, deren Gesundheit einmal mehr dem Patentschutz untergeordnet wird und f\u00fcr unsere Freund*innen, die an den verriegelten Toren Europas ermordet werden.<\/p>\n<p>Kurz, f\u00fcr alle jene, f\u00fcr welche das kapitalistische Ausbeutungs- und Unterdr\u00fcckungs-System schon lange vor der Pandemie scheisse war, f\u00fcr die gibt es heute erst recht nichts zu jubeln. Aber vergessen wir nicht, es ist nicht einfach nur ein Virus, der die bestehenden Ungleichheiten vertieft hat, sondern der Umgang mit dessen wirtschaftlichen, sozialen und politischen Nebenwirkungen seitens derer, die \u00fcber eine Entscheidungsmacht verf\u00fcgen. Es sind dieselben Entscheidungsmachttragenden mit denselben (Profit-) Interessen, welche f\u00fcr sich in Anspruch nehmen, auch in Zukunft zu entscheiden, wer die Kosten dieser Krise (und anderer, wie etwa jener des Klimas) zu tragen hat.<\/p>\n<p>Und wieder sagen wir: NEIN. Es ist Zeit, jenem gut ge\u00f6lten Herrschaftsapparat mit all seinen Wirtschaftsbossen, Politiker*innen, Medien und Bullen in die Beine zu gr\u00e4tschen. Wir werden ihnen nicht morgen die Entscheidungsgewalt abringen k\u00f6nnen. Aber jeder \u00f6ffentliche Widerspruch, jeder gemeinsame Moment auf der Strasse ist ein Sandkorn in ihrem Getriebe und gleichzeitig ein kleiner, notwendiger Schritt hin zu jenem Tag, an welchem wir gen\u00fcgend stark sind, ihre Ordnung ins Wanken zu bringen.<\/p>\n<p>1. Mai \u2013 21.Mai \u2013 14.Juni: Bringen wir unsere Erfahrungen, unsere Wut und unsere Hoffnungen auf der Strasse zusammen! Raus am 10. Juli um 16:00Uhr auf den Bullingerplatz.<\/p>\n<p>Wir tragen eure Krise nicht \u2013 k\u00e4mpfen, streiken, enteignen!<\/p>\n<p>Quelle: https:\/\/barrikade.info\/article\/4647<\/p>\n","protected":false},"excerpt":{"rendered":"<p>Der Sommer ist da, die Fall-Zahlen r\u00fcckl\u00e4ufig, die Schweiz hat sich ein fettes St\u00fcck vom globalen Impfkuchen gesichert und die Aktienkurse steigen: Ende gut, alles gut also, und Zeit, Strandferien zu buchen, wie uns die Wirtschaftsverb\u00e4nde und Tourismussektoren weismachen wollen? &hellip; <a href=\"https:\/\/www.lagota.ch\/?p=3700\">Continue reading <span class=\"meta-nav\">&rarr;<\/span><\/a><\/p>\n","protected":false},"author":1,"featured_media":0,"comment_status":"closed","ping_status":"open","sticky":false,"template":"","format":"standard","meta":{"footnotes":""},"categories":[1025,13,328,14,1214,242,16,18,4,108],"tags":[161,1208,66,76,37,121],"class_list":["post-3700","post","type-post","status-publish","format-standard","hentry","category-anarchismus-2","category-antifa","category-antira","category-arbeitskampf","category-corona","category-emanzipation","category-schweiz","category-squat-the-world","category-veranstaltung","category-wirtschaftskrise","tag-ausbeutung","tag-corona","tag-demo","tag-kapitalismus","tag-krise","tag-zurich"],"_links":{"self":[{"href":"https:\/\/www.lagota.ch\/index.php?rest_route=\/wp\/v2\/posts\/3700","targetHints":{"allow":["GET"]}}],"collection":[{"href":"https:\/\/www.lagota.ch\/index.php?rest_route=\/wp\/v2\/posts"}],"about":[{"href":"https:\/\/www.lagota.ch\/index.php?rest_route=\/wp\/v2\/types\/post"}],"author":[{"embeddable":true,"href":"https:\/\/www.lagota.ch\/index.php?rest_route=\/wp\/v2\/users\/1"}],"replies":[{"embeddable":true,"href":"https:\/\/www.lagota.ch\/index.php?rest_route=%2Fwp%2Fv2%2Fcomments&post=3700"}],"version-history":[{"count":1,"href":"https:\/\/www.lagota.ch\/index.php?rest_route=\/wp\/v2\/posts\/3700\/revisions"}],"predecessor-version":[{"id":3702,"href":"https:\/\/www.lagota.ch\/index.php?rest_route=\/wp\/v2\/posts\/3700\/revisions\/3702"}],"wp:attachment":[{"href":"https:\/\/www.lagota.ch\/index.php?rest_route=%2Fwp%2Fv2%2Fmedia&parent=3700"}],"wp:term":[{"taxonomy":"category","embeddable":true,"href":"https:\/\/www.lagota.ch\/index.php?rest_route=%2Fwp%2Fv2%2Fcategories&post=3700"},{"taxonomy":"post_tag","embeddable":true,"href":"https:\/\/www.lagota.ch\/index.php?rest_route=%2Fwp%2Fv2%2Ftags&post=3700"}],"curies":[{"name":"wp","href":"https:\/\/api.w.org\/{rel}","templated":true}]}}