{"id":3704,"date":"2021-07-13T11:21:07","date_gmt":"2021-07-13T10:21:07","guid":{"rendered":"https:\/\/www.lagota.ch\/?p=3704"},"modified":"2021-07-13T11:21:07","modified_gmt":"2021-07-13T10:21:07","slug":"medienmitteilung-der-antifa-bern-zur-rechtsradikalen-gedenkfeier-zur-schlacht-bei-sempach-organisiert-von-der-nationalen-aktionsfront-naf","status":"publish","type":"post","link":"https:\/\/www.lagota.ch\/?p=3704","title":{"rendered":"Medienmitteilung der Antifa Bern zur rechtsradikalen \u00abGedenkfeier zur Schlacht bei Sempach\u00bb organisiert von der Nationalen Aktionsfront NAF"},"content":{"rendered":"\n<p>Letzen Samstag, am 10. Juli 2021, trafen sich im Luzernischen Sempach rund 90 Rechtsradikale, um eine Gedenkfeier zur Schlacht von Sempach abzuhalten. Es war der gr\u00f6sste Aufmarsch von Neonazis in der Schweiz der letzten Jahre.<\/p>\n\n\n\n<p>Treffpunkt der Neonazis war der Schulhausplatz in Hildisrieden, wo sie ihre Autos parkten.Anschliessend marschierten sie geschlossen die Hauptstrasse zum Schlachtdenkmal herunter, wo weitere Teilnehmer*innen warteten. Der Marsch wurde von Mitorganisator Marc Seiler angef\u00fchrt, gefolgt von Rechtsradikalen aus der ganzen Schweiz. Neben Schweizer Landes- und Kantonsfahnen trugen sie ein eigens angefertigtes T-Shirt. Am Ende des Umzuges lief eine Gruppe&nbsp; deutscher Neonazis der Kleinstpartei Der III. Weg mit.&nbsp;<\/p>\n\n\n\n<p>Neben Marc Seiler waren weitere Mitglieder des militanten Netzwerks Blood&amp;Honour vor Ort, so wurde Otto R\u00f6lli jun. und das Fahrzeug des umtriebigen Oberwalliser B&amp;H-Mitglieds Silvan Gex-Collet gesichtet. Letzterer d\u00fcrfte durch seine Firma f\u00fcr Textildruck und -stick, GexTex, auch f\u00fcr die Mottoshirts verantwortlich sein.<\/p>\n\n\n\n<p>Die Jugendgruppe der NAF, die Junge Tat, war am Umzug beteiligt, u.a. Mario Guivili, Tobias Lingg und Andy Schnellmann. Der Winterthurer Manuel Corchia begleitete den Umzug mit seiner Videokamera.&nbsp; Mitglieder der Jungen Tat waren zudem daf\u00fcr verantworlich, die anfahrenden Neonazis vom Schlachtdenkmal zum Parkplatz beim Schulhaus weiterzuleiten. Es scheint offensichtlich, dass solche Veranstaltungen ideal als Vernetzungsplattform zwischen \u00e4lteren und j\u00fcngeren Generationen der Neonazis dienen. Die hippen Faschist*innen rund um die Junge Tat trauten sich j\u00fcngst vermehrt raus aus der digitalen Poser-Welt und pflegen Kontakte zu diversen gleichgesinnten Jugendorganisationen im Ausland. Vor kurzem verhaftete die italienische Antiterroreinheit in Mailand vier italienische Neonazis, welche Anschl\u00e4ge auf Andersdenkende und Migrant*innen geplant haben sollen. Im Vorfeld der Verhaftungen sollen die Verd\u00e4chtigen \u00fcber Wochen observiert worden sein. So auch als sie bei ihren Schweizer Kameraden der Jungen Tat auf einem Wanderausflug waren.&nbsp;<\/p>\n\n\n\n<p>Wenn Jungnazis nun vermehrt auf das Know-how und Kontakte \u00e4lterer, gut vernetzter Neonazis zur\u00fcckgreifen, ist das brandgef\u00e4hrlich.<\/p>\n\n\n\n<p>Ebenfalls war die Walliser Liedermacherin Naomi Croset vor Ort, sie trug die Fahne des Kanton Wallis.Der Hammerskin und Avalon-Primus Adrian Segessenmann suchte die N\u00e4he zur Jungen Tat, und&nbsp;auch eine Gruppe der PNOS lief mit, u.a. deren Pr\u00e4sident, der Hammerskin Florian Gerber.<\/p>\n\n\n\n<p>Am Winkelried-Denkmal stellten sich die Neonazis im Halbkreis auf. Ein Blumenkranz wurde niedergelegt und Reden gehalten.<\/p>\n\n\n\n<p>Obwohl die Luzerner Beh\u00f6rden Kenntnis vom geplanten Aufmarsch hatten, setzten sie die Bewilligungspflicht, welche seit 2013 f\u00fcr \u00f6ffentliche Veranstaltungen auf dem Schlachtfeld gilt, nicht durch. Der Kanton gibt sich wohl damit zufrieden, dass die Neonazis nicht mehr an den offiziellen Schlachtfeierlichkeiten teilnehmen.<\/p>\n\n\n\n<p>Um die Worte der gestern verstorbenen, deutsch j\u00fcdischen KZ-\u00dcberlebenden Esther Bejarano in Erinnerung zu rufen: \u201eWer gegen Nazis k\u00e4mpft, kann sich auf den Staat nicht verlassen!\u201c.<\/p>\n","protected":false},"excerpt":{"rendered":"<p>Letzen Samstag, am 10. Juli 2021, trafen sich im Luzernischen Sempach rund 90 Rechtsradikale, um eine Gedenkfeier zur Schlacht von Sempach abzuhalten. Es war der gr\u00f6sste Aufmarsch von Neonazis in der Schweiz der letzten Jahre. Treffpunkt der Neonazis war der &hellip; <a href=\"https:\/\/www.lagota.ch\/?p=3704\">Continue reading <span class=\"meta-nav\">&rarr;<\/span><\/a><\/p>\n","protected":false},"author":1,"featured_media":0,"comment_status":"closed","ping_status":"open","sticky":false,"template":"","format":"standard","meta":{"footnotes":""},"categories":[13,328,11],"tags":[1304,1263,1148,1302,1267,1303,335,1305],"class_list":["post-3704","post","type-post","status-publish","format-standard","hentry","category-antifa","category-antira","category-luzern","tag-hildisrieden","tag-junge-tat","tag-luzern","tag-marc-seiler","tag-naf","tag-otto-rolli","tag-sempach","tag-winkelried"],"_links":{"self":[{"href":"https:\/\/www.lagota.ch\/index.php?rest_route=\/wp\/v2\/posts\/3704","targetHints":{"allow":["GET"]}}],"collection":[{"href":"https:\/\/www.lagota.ch\/index.php?rest_route=\/wp\/v2\/posts"}],"about":[{"href":"https:\/\/www.lagota.ch\/index.php?rest_route=\/wp\/v2\/types\/post"}],"author":[{"embeddable":true,"href":"https:\/\/www.lagota.ch\/index.php?rest_route=\/wp\/v2\/users\/1"}],"replies":[{"embeddable":true,"href":"https:\/\/www.lagota.ch\/index.php?rest_route=%2Fwp%2Fv2%2Fcomments&post=3704"}],"version-history":[{"count":1,"href":"https:\/\/www.lagota.ch\/index.php?rest_route=\/wp\/v2\/posts\/3704\/revisions"}],"predecessor-version":[{"id":3705,"href":"https:\/\/www.lagota.ch\/index.php?rest_route=\/wp\/v2\/posts\/3704\/revisions\/3705"}],"wp:attachment":[{"href":"https:\/\/www.lagota.ch\/index.php?rest_route=%2Fwp%2Fv2%2Fmedia&parent=3704"}],"wp:term":[{"taxonomy":"category","embeddable":true,"href":"https:\/\/www.lagota.ch\/index.php?rest_route=%2Fwp%2Fv2%2Fcategories&post=3704"},{"taxonomy":"post_tag","embeddable":true,"href":"https:\/\/www.lagota.ch\/index.php?rest_route=%2Fwp%2Fv2%2Ftags&post=3704"}],"curies":[{"name":"wp","href":"https:\/\/api.w.org\/{rel}","templated":true}]}}