{"id":3714,"date":"2021-08-03T15:15:11","date_gmt":"2021-08-03T14:15:11","guid":{"rendered":"https:\/\/www.lagota.ch\/?p=3714"},"modified":"2021-08-03T15:15:11","modified_gmt":"2021-08-03T14:15:11","slug":"medienmitteilung-der-antifa-luzern-zur-corona-demo-vom-31-7-21","status":"publish","type":"post","link":"https:\/\/www.lagota.ch\/?p=3714","title":{"rendered":"Medienmitteilung der Antifa Luzern zur Corona-Demo vom 31.7.21"},"content":{"rendered":"\n<p>Am Samstag, 31. Juli versammelten sich mehrere Tausend Personen aus der verschw\u00f6rungsmysthischen, reaktion\u00e4ren Szene in Luzern, um gegen eine vermeintliche Diktatur des Bundesrats zu protestieren.Darunter befanden sich erneut mehrere bekannte und gewaltbereite Neonazis und rechtsextreme Schl\u00e4ger.Gegen diese rechte Hetze gab es verschiedene Formen des Widerstands. Beim Pavillon kamen mehrere hundert Menschen zur \u201cLuzern ist Bunt\u201d-Kundgebung zusammen, um dort mit Reden und Musik ein Zeichen gegen die Pr\u00e4senz rechter Kr\u00e4fte in der Luzerner Innenstadt zu setzen. Direkt bei der Mobilisierung der Corona-Schwurbler*innen hinter dem Bahnhof stellte sich eine kleine Gruppe Antifaschistinnen deren Aufmarsch \u2013 und den mitmarschierenden Faschist*innen \u2013 direkt entgegen. Sie hielten den Beschimpfungen und T\u00e4tlichkeiten stand und liessen sich nicht vertreiben \u2013 kein Fussbreit den Nazis in den Reihen der Corona-Leugner*innen! Vom Inseli aus kamen zeitgleich einige dutzend weitere Antifas zusammen, um die Mobilisierung der Rechten auf der Strasse zu st\u00f6ren. Die gemeinsamen und vielf\u00e4ltigen Aktionen haben ein tatkr\u00e4ftiges Zeichen der Solidarit\u00e4t gesetzt: Gegen den Aufmarsch faschistischer Kr\u00e4fte. Wir danken allen, die sich an diesen Aktionen beteiligten \u2013 Antifa bleibt Handarbeit!<\/p>\n\n\n\n<p>Quelle: <a href=\"https:\/\/www.facebook.com\/AntifaLuzern\">https:\/\/www.facebook.com\/AntifaLuzern<\/a><\/p>\n","protected":false},"excerpt":{"rendered":"<p>Am Samstag, 31. Juli versammelten sich mehrere Tausend Personen aus der verschw\u00f6rungsmysthischen, reaktion\u00e4ren Szene in Luzern, um gegen eine vermeintliche Diktatur des Bundesrats zu protestieren.Darunter befanden sich erneut mehrere bekannte und gewaltbereite Neonazis und rechtsextreme Schl\u00e4ger.Gegen diese rechte Hetze gab &hellip; <a href=\"https:\/\/www.lagota.ch\/?p=3714\">Continue reading <span class=\"meta-nav\">&rarr;<\/span><\/a><\/p>\n","protected":false},"author":1,"featured_media":0,"comment_status":"closed","ping_status":"open","sticky":false,"template":"","format":"standard","meta":{"footnotes":""},"categories":[13,1214,11],"tags":[1310,1208,1311,66,526,1148,1306,902],"class_list":["post-3714","post","type-post","status-publish","format-standard","hentry","category-antifa","category-corona","category-luzern","tag-1310","tag-corona","tag-corona-leugnerinnen","tag-demo","tag-inseli","tag-luzern","tag-luzern-ist-bunt","tag-nazis"],"_links":{"self":[{"href":"https:\/\/www.lagota.ch\/index.php?rest_route=\/wp\/v2\/posts\/3714","targetHints":{"allow":["GET"]}}],"collection":[{"href":"https:\/\/www.lagota.ch\/index.php?rest_route=\/wp\/v2\/posts"}],"about":[{"href":"https:\/\/www.lagota.ch\/index.php?rest_route=\/wp\/v2\/types\/post"}],"author":[{"embeddable":true,"href":"https:\/\/www.lagota.ch\/index.php?rest_route=\/wp\/v2\/users\/1"}],"replies":[{"embeddable":true,"href":"https:\/\/www.lagota.ch\/index.php?rest_route=%2Fwp%2Fv2%2Fcomments&post=3714"}],"version-history":[{"count":1,"href":"https:\/\/www.lagota.ch\/index.php?rest_route=\/wp\/v2\/posts\/3714\/revisions"}],"predecessor-version":[{"id":3715,"href":"https:\/\/www.lagota.ch\/index.php?rest_route=\/wp\/v2\/posts\/3714\/revisions\/3715"}],"wp:attachment":[{"href":"https:\/\/www.lagota.ch\/index.php?rest_route=%2Fwp%2Fv2%2Fmedia&parent=3714"}],"wp:term":[{"taxonomy":"category","embeddable":true,"href":"https:\/\/www.lagota.ch\/index.php?rest_route=%2Fwp%2Fv2%2Fcategories&post=3714"},{"taxonomy":"post_tag","embeddable":true,"href":"https:\/\/www.lagota.ch\/index.php?rest_route=%2Fwp%2Fv2%2Ftags&post=3714"}],"curies":[{"name":"wp","href":"https:\/\/api.w.org\/{rel}","templated":true}]}}