{"id":3717,"date":"2021-08-13T10:43:50","date_gmt":"2021-08-13T09:43:50","guid":{"rendered":"https:\/\/www.lagota.ch\/?p=3717"},"modified":"2021-08-13T10:45:24","modified_gmt":"2021-08-13T09:45:24","slug":"kurdischer-dachverband-ruft-zu-demonstration-am-14-august-auf","status":"publish","type":"post","link":"https:\/\/www.lagota.ch\/?p=3717","title":{"rendered":"Kurdischer Dachverband ruft zu Demonstration am 14. August auf"},"content":{"rendered":"\n<p><strong>Der kurdische Dachverband CDK-S und die Frauenbewegung YJK-S rufen zu einer zentralen Demonstration in der Schweiz gegen die t\u00fcrkische Invasion in S\u00fcdkurdistan auf.<\/strong><\/p>\n\n\n\n<p><img loading=\"lazy\" decoding=\"async\" width=\"710\" height=\"398\" class=\"wp-image-3718\" style=\"width: 400px; height: 300px\" src=\"https:\/\/www.lagota.ch\/wp-content\/uploads\/arton4694.png\" alt=\"\" srcset=\"https:\/\/www.lagota.ch\/wp-content\/uploads\/arton4694.png 710w, https:\/\/www.lagota.ch\/wp-content\/uploads\/arton4694-300x168.png 300w\" sizes=\"auto, (max-width: 710px) 100vw, 710px\" \/><br>Unter der internationalen Initiative \u201eDefend Kurdistan\u201c finden \u00fcberall Aktionen und Proteste gegen die t\u00fcrkische Invasion in S\u00fcdkurdistan statt. F\u00fcr den 14. August rufen der kurdische Dachverband CDK-S und die kurdische Frauenbewegung YJK-S in der Schweiz zu einer zentralen Demonstration auf. Im Aufruf des Ko-Vorstands des CDK-S hei\u00dft es: \u201eDer AKP\/MHP-Faschismus setzt seine Politik der Massaker in Kurdistan fort, um seine eigene Krise zu verbergen. Die t\u00fcrkische Invasionsarmee scheitert aber bei ihren Angriffen immer wieder und greift daher zu kriegsverbrecherischen Methoden wie dem Einsatz von chemischen Kampfstoffen. Die Zivilbev\u00f6lkerung wird zum Ziel von Angriffen, die aus t\u00fcrkischen Basen in S\u00fcdkurdistan erfolgen. Wir appellieren an die patriotische kurdische Bev\u00f6lkerung und ihre Freund:innen sowie an alle, die f\u00fcr Menschenrechte und Demokratie eintreten, kommt zur Demonstration und gebt dieser Aktion die Kraft, ein deutliches Stopp-Signal gegen\u00fcber der Besatzung von Kurdistan auszusenden.\u201c<\/p>\n\n\n\n<p>Die Demonstration und die Kundgebung beginnen am Samstag, den 14. August, um 14:00 Uhr in Z\u00fcrich auf dem Helvetiaplatz.<\/p>\n\n\n\n<p><a href=\"https:\/\/anfdeutsch.com\/aktuelles\/zurich-kurdischer-dachverband-ruft-zu-demonstration-am-14-august-auf-27741\">https:\/\/anfdeutsch.com\/aktuelles\/zurich-kurdischer-dachverband-ruft-zu-demonstration-am-14-august-auf-27741<\/a><\/p>\n","protected":false},"excerpt":{"rendered":"<p>Der kurdische Dachverband CDK-S und die Frauenbewegung YJK-S rufen zu einer zentralen Demonstration in der Schweiz gegen die t\u00fcrkische Invasion in S\u00fcdkurdistan auf. Unter der internationalen Initiative \u201eDefend Kurdistan\u201c finden \u00fcberall Aktionen und Proteste gegen die t\u00fcrkische Invasion in S\u00fcdkurdistan &hellip; <a href=\"https:\/\/www.lagota.ch\/?p=3717\">Continue reading <span class=\"meta-nav\">&rarr;<\/span><\/a><\/p>\n","protected":false},"author":1,"featured_media":0,"comment_status":"closed","ping_status":"open","sticky":false,"template":"","format":"standard","meta":{"footnotes":""},"categories":[13,10,713,16,4],"tags":[932,1312,1163,584,447],"class_list":["post-3717","post","type-post","status-publish","format-standard","hentry","category-antifa","category-aus-aller-welt","category-kurdistan","category-schweiz","category-veranstaltung","tag-faschismus","tag-invasion","tag-kurdistan","tag-massaker","tag-turkei"],"_links":{"self":[{"href":"https:\/\/www.lagota.ch\/index.php?rest_route=\/wp\/v2\/posts\/3717","targetHints":{"allow":["GET"]}}],"collection":[{"href":"https:\/\/www.lagota.ch\/index.php?rest_route=\/wp\/v2\/posts"}],"about":[{"href":"https:\/\/www.lagota.ch\/index.php?rest_route=\/wp\/v2\/types\/post"}],"author":[{"embeddable":true,"href":"https:\/\/www.lagota.ch\/index.php?rest_route=\/wp\/v2\/users\/1"}],"replies":[{"embeddable":true,"href":"https:\/\/www.lagota.ch\/index.php?rest_route=%2Fwp%2Fv2%2Fcomments&post=3717"}],"version-history":[{"count":3,"href":"https:\/\/www.lagota.ch\/index.php?rest_route=\/wp\/v2\/posts\/3717\/revisions"}],"predecessor-version":[{"id":3721,"href":"https:\/\/www.lagota.ch\/index.php?rest_route=\/wp\/v2\/posts\/3717\/revisions\/3721"}],"wp:attachment":[{"href":"https:\/\/www.lagota.ch\/index.php?rest_route=%2Fwp%2Fv2%2Fmedia&parent=3717"}],"wp:term":[{"taxonomy":"category","embeddable":true,"href":"https:\/\/www.lagota.ch\/index.php?rest_route=%2Fwp%2Fv2%2Fcategories&post=3717"},{"taxonomy":"post_tag","embeddable":true,"href":"https:\/\/www.lagota.ch\/index.php?rest_route=%2Fwp%2Fv2%2Ftags&post=3717"}],"curies":[{"name":"wp","href":"https:\/\/api.w.org\/{rel}","templated":true}]}}