{"id":3725,"date":"2021-08-23T11:01:54","date_gmt":"2021-08-23T10:01:54","guid":{"rendered":"https:\/\/www.lagota.ch\/?p=3725"},"modified":"2021-08-23T11:02:30","modified_gmt":"2021-08-23T10:02:30","slug":"5-%c2%bd-jahre-leerstand-statt-freiraum-an-der-obergrundstrasse","status":"publish","type":"post","link":"https:\/\/www.lagota.ch\/?p=3725","title":{"rendered":"5 \u00bd Jahre Leerstand statt Freiraum an der Obergrundstrasse"},"content":{"rendered":"\n<p><strong>Heute Morgen haben Aktivist*innen aus dem Umfeld der ausserparlamentarischen, linken Gruppierung RESolut ein Banner mit der Aufschrift: \u00abHier w\u00e4ren 5 \u00bd Jahre Zwischennutzung m\u00f6glich gewesen\u00bb an den Zaun des verlassenen Geb\u00e4udes an der Obergrundstrasse 99 geh\u00e4ngt.<\/strong><br><br><img loading=\"lazy\" decoding=\"async\" width=\"2048\" height=\"1536\" class=\"wp-image-3726\" style=\"width: 400px; height: 400px\" src=\"https:\/\/www.lagota.ch\/wp-content\/uploads\/239541699_877148306531797_8672310242920608394_n.jpg\" alt=\"\" srcset=\"https:\/\/www.lagota.ch\/wp-content\/uploads\/239541699_877148306531797_8672310242920608394_n.jpg 2048w, https:\/\/www.lagota.ch\/wp-content\/uploads\/239541699_877148306531797_8672310242920608394_n-300x225.jpg 300w, https:\/\/www.lagota.ch\/wp-content\/uploads\/239541699_877148306531797_8672310242920608394_n-1024x768.jpg 1024w, https:\/\/www.lagota.ch\/wp-content\/uploads\/239541699_877148306531797_8672310242920608394_n-768x576.jpg 768w, https:\/\/www.lagota.ch\/wp-content\/uploads\/239541699_877148306531797_8672310242920608394_n-1536x1152.jpg 1536w\" sizes=\"auto, (max-width: 2048px) 100vw, 2048px\" \/><br><br>Damit protestieren wir gegen den anhaltenden Leerstand und Verfall der beiden Villen an der Obergrundstrasse 99 und 101.<br><br>Vor 5 \u00bd Jahren wurde das Haus an der Obergrundstrasse 99 besetzt und der Allgemeinheit zur\u00fcckgegeben, die Besetzung erfreute sich grosser Beliebtheit in ganz Luzern und dar\u00fcber hinaus. Hunderte Personen beteiligten sich \u00fcber die wenigen Wochen an der Besetzung. Die Stadt um Manuela Jost, welche in der Sache \u00abBodumvillen\u00bb schon zuvor versagt hatte, hat einen geradezu historischen Fehler gemacht: Sie hat sich nicht f\u00fcr die Besetzer*innen eingesetzt und stattdessen den damaligen Besitzer Jorgen Bodum hofiert und das Geb\u00e4ude r\u00e4umen lassen.<br><br>In der Folge hat Jorgen Bodum das Dach abdecken lassen und jeglichen Unterhalt unterlassen. \u00dcber Jahre regnete es in die Villa an der Obergrundstrasse 99 hinein. Sie ist mittlerweile komplett unbewohnbar.<br><br>Wieder verhandelte die Stadt mit dem Tee-Laden-Inhaber Jorgen Bodum und wieder kamen sie zu keinem Ergebnis. Als rund ein Jahr sp\u00e4ter die Nachbarvilla an der Obergrundstrasse 101 besetzt wurde, wiederholte die Stadt ihren Fehler und liess auch dieses Geb\u00e4ude r\u00e4umen, dieses Mal war es eine an Brutalit\u00e4t kaum zu \u00fcbertreffende R\u00e4umung durch die Sondereinheit Luchs. Es wirkte so, als wollte die Stadt mit der R\u00e4umung den Besetzer*innen einen Denkzettel verpassen.<br><br>Abermals k\u00fcndete Frau Jost an, dass nun Fahrt in die Sache komme, abermals passierte nichts. Bis RESolut im Januar 2020 einen Bev\u00f6lkerungsantrag mit 248 Unterschriften aus der Luzerner Bev\u00f6lkerung eingereicht hat, der die Enteignung der Bodumvillen forderte. Etwas sp\u00e4ter verkaufte Jorgen Bodum die beiden Villen an die Architekturfirma Romano &amp; Christen.<br><br>Bei der Beantwortung des Bev\u00f6lkerungsantrages bezog sich die Stadt darauf. Sie behauptete, dass durch den Verkauf eine neue Situation entstanden sei und nun endlich Fahrt in die Sache komme. Doch bis heute warten wir vergeblich darauf, dass an der Obergrundstrasse etwas Z\u00e4hlbares passiert. Das Interesse an den beiden Villen in bester Lage ist nach wie vor gross. Es wird Zeit, dass diese Geb\u00e4ude der \u00d6ffentlichkeit zug\u00e4nglich gemacht werden, damit dort dringend notwendiger Freiraum entstehen kann.<br><br>Luzern 22.08.2021, RESolut<\/p>\n","protected":false},"excerpt":{"rendered":"<p>Heute Morgen haben Aktivist*innen aus dem Umfeld der ausserparlamentarischen, linken Gruppierung RESolut ein Banner mit der Aufschrift: \u00abHier w\u00e4ren 5 \u00bd Jahre Zwischennutzung m\u00f6glich gewesen\u00bb an den Zaun des verlassenen Geb\u00e4udes an der Obergrundstrasse 99 geh\u00e4ngt. Damit protestieren wir gegen &hellip; <a href=\"https:\/\/www.lagota.ch\/?p=3725\">Continue reading <span class=\"meta-nav\">&rarr;<\/span><\/a><\/p>\n","protected":false},"author":1,"featured_media":0,"comment_status":"closed","ping_status":"open","sticky":false,"template":"","format":"standard","meta":{"footnotes":""},"categories":[274,11,18],"tags":[883,881,1132,92,163],"class_list":["post-3725","post","type-post","status-publish","format-standard","hentry","category-gentrifizierung","category-luzern","category-squat-the-world","tag-bodum","tag-gundula","tag-resolut","tag-squat","tag-zwischennutzung"],"_links":{"self":[{"href":"https:\/\/www.lagota.ch\/index.php?rest_route=\/wp\/v2\/posts\/3725","targetHints":{"allow":["GET"]}}],"collection":[{"href":"https:\/\/www.lagota.ch\/index.php?rest_route=\/wp\/v2\/posts"}],"about":[{"href":"https:\/\/www.lagota.ch\/index.php?rest_route=\/wp\/v2\/types\/post"}],"author":[{"embeddable":true,"href":"https:\/\/www.lagota.ch\/index.php?rest_route=\/wp\/v2\/users\/1"}],"replies":[{"embeddable":true,"href":"https:\/\/www.lagota.ch\/index.php?rest_route=%2Fwp%2Fv2%2Fcomments&post=3725"}],"version-history":[{"count":2,"href":"https:\/\/www.lagota.ch\/index.php?rest_route=\/wp\/v2\/posts\/3725\/revisions"}],"predecessor-version":[{"id":3728,"href":"https:\/\/www.lagota.ch\/index.php?rest_route=\/wp\/v2\/posts\/3725\/revisions\/3728"}],"wp:attachment":[{"href":"https:\/\/www.lagota.ch\/index.php?rest_route=%2Fwp%2Fv2%2Fmedia&parent=3725"}],"wp:term":[{"taxonomy":"category","embeddable":true,"href":"https:\/\/www.lagota.ch\/index.php?rest_route=%2Fwp%2Fv2%2Fcategories&post=3725"},{"taxonomy":"post_tag","embeddable":true,"href":"https:\/\/www.lagota.ch\/index.php?rest_route=%2Fwp%2Fv2%2Ftags&post=3725"}],"curies":[{"name":"wp","href":"https:\/\/api.w.org\/{rel}","templated":true}]}}