{"id":3740,"date":"2021-09-19T15:27:48","date_gmt":"2021-09-19T14:27:48","guid":{"rendered":"https:\/\/www.lagota.ch\/?p=3740"},"modified":"2021-09-19T15:28:29","modified_gmt":"2021-09-19T14:28:29","slug":"communique-gegendemo-marsch-furs-labe","status":"publish","type":"post","link":"https:\/\/www.lagota.ch\/?p=3740","title":{"rendered":"Communiqu\u00e9 Gegendemo \u00abMarsch f\u00fcr\u2019s L\u00e4be\u00bb"},"content":{"rendered":"\n<p><strong>Nachdem der Marsch f\u00fcr\u2019s L\u00e4be, die j\u00e4hrliche Manifestation vorsteinzeitlichen Gedankenguts organisierter Abtreibungsgegner:innen, Antifeminist:innen und Queer-Hasser:innen seinen Anlass 2020 wegen \u00abSicherheitsbedenken\u00bb g\u00e4nzlich absagen musste, erstritt sich der Verein Marsch f\u00fcrs L\u00e4be in diesem Jahr vor dem Z\u00fcrcher Stadthalteramt die Bewilligung f\u00fcr eine Demonstration im Z\u00fcrcher Kreis 11.<\/strong><\/p>\n\n\n\n<p><img loading=\"lazy\" decoding=\"async\" width=\"710\" height=\"398\" class=\"wp-image-3741\" style=\"width: 400px; height: 300px\" src=\"https:\/\/www.lagota.ch\/wp-content\/uploads\/demozureich.jpg\" alt=\"\" srcset=\"https:\/\/www.lagota.ch\/wp-content\/uploads\/demozureich.jpg 710w, https:\/\/www.lagota.ch\/wp-content\/uploads\/demozureich-300x168.jpg 300w\" sizes=\"auto, (max-width: 710px) 100vw, 710px\" \/><br>Gegen 14:30 versammelten sich auf dem Marktplatz Oerlikon X Christfundamentalist:innen zum gemeinsamen Gebet und h\u00f6rten sich die verschwurbelten, l\u00fcgendurchzogenen Reden einiger prominenter Abtreibungsgegner:innen an. Auch Coronaschwurbler:innen waren anwesend, genauso wie das ganze gruselige Dispositiv christfundamentalistischer Propaganda: Ein \u00fcberdimensionierter Kinderwagen, zahlreiche Plakate mit F\u00f6ten und Schuldzuweisungen.<br>Gegen 15:00 versammelten sich mehrere hundert feministische und antifaschistische Gegendemonstrant:innen an der Tramhaltestelle Salersteig um von dort aus den Christenfundis entgegen zu treten. Doch noch bevor sich die Demonstration formieren konnte, rasten Kastenw\u00e4gen auf die Kreuzung und zersprengten die Demonstration. Es kam zu einem Kessel mit rund 100 Personen, zu Personenkontrollen und Wegweisungen. Gem\u00e4ss mehrere anwesenden Personen kam es auch zum Einsatz von Gummischrot, auch wenn die Bullen diesen per Twitter zuerst dementierten, ihren Tweet dann aber l\u00f6schten und zur\u00fcckkrebsten. Im Verlauf des Nachmittags kam es auch immer wieder zum Einsatz von Reizgas. Wieder einmal zeigten die Bullen, auf wessen Seite sie stehen.<br>Trotz dieses massiven Auffahrens der Bullen konnten sich Personen in Kleingruppen im Quartier sammeln und die Situation so weit versch\u00e4rfen, dass die Fundis auf dem Marktplatz festsassen. Eine kleine Demonstration von rund 100 Personen machte sich zudem unmittelbar nach dem Bulleneinsatz am Treffpunkt auf den Weg Richtung Marktplatz und l\u00f6ste sich trotz Gummischroteinsatz der Bullen erst beim Sternen Oerlikon selbstbestimmt auf.<br>Fast eine Stunde mussten die Fundis auf dem hermetisch abgeriegelten Platz ohne jegliche Aussenwirkung ausharren, bis sie sich schliesslich, flankiert von massivem Bullenschutz losbewegen konnten. Dennoch wurde es kein ruhiger, familienfreundlicher Umzug, wie die Fundis ihre hasserf\u00fcllte Manifestation gerne nennen: Zahlreiche Menschen, darunter auch solche aus dem Quartier, flankierten die deprimierend verk\u00fcrzte Route der Fundis und machten ihnen lautstark klar, dass sie weder in Oerlikon, in Z\u00fcrich noch sonst wo willkommen sind und sich zur\u00fcck in ihre L\u00f6cher verpissen sollen. Auch wenn die Repression an diesem Tag erwartbar brutal war, Zivis und Fotobullen den Gegendemonstrant:innen das Leben schwer macht: Der Widerstand auf der Strasse l\u00e4sst sich nicht unterkriegen. Wenn die Fundis n\u00e4chstes Jahr wieder in Z\u00fcrich auflaufen werden, werden auch wir wieder da sein. Denn wir ganz alleine bestimmen \u00fcber unsere K\u00f6rper: My Body my choice!<br>F\u00fcr die Freiheit f\u00fcr das Leben, Fundis von der Strasse fegen!<\/p>\n","protected":false},"excerpt":{"rendered":"<p>Nachdem der Marsch f\u00fcr\u2019s L\u00e4be, die j\u00e4hrliche Manifestation vorsteinzeitlichen Gedankenguts organisierter Abtreibungsgegner:innen, Antifeminist:innen und Queer-Hasser:innen seinen Anlass 2020 wegen \u00abSicherheitsbedenken\u00bb g\u00e4nzlich absagen musste, erstritt sich der Verein Marsch f\u00fcrs L\u00e4be in diesem Jahr vor dem Z\u00fcrcher Stadthalteramt die Bewilligung f\u00fcr &hellip; <a href=\"https:\/\/www.lagota.ch\/?p=3740\">Continue reading <span class=\"meta-nav\">&rarr;<\/span><\/a><\/p>\n","protected":false},"author":1,"featured_media":0,"comment_status":"closed","ping_status":"open","sticky":false,"template":"","format":"standard","meta":{"footnotes":""},"categories":[13,242,16,4],"tags":[1315,706,373],"class_list":["post-3740","post","type-post","status-publish","format-standard","hentry","category-antifa","category-emanzipation","category-schweiz","category-veranstaltung","tag-fundamentalisten","tag-gegendemo","tag-marsch-furs-labe"],"_links":{"self":[{"href":"https:\/\/www.lagota.ch\/index.php?rest_route=\/wp\/v2\/posts\/3740","targetHints":{"allow":["GET"]}}],"collection":[{"href":"https:\/\/www.lagota.ch\/index.php?rest_route=\/wp\/v2\/posts"}],"about":[{"href":"https:\/\/www.lagota.ch\/index.php?rest_route=\/wp\/v2\/types\/post"}],"author":[{"embeddable":true,"href":"https:\/\/www.lagota.ch\/index.php?rest_route=\/wp\/v2\/users\/1"}],"replies":[{"embeddable":true,"href":"https:\/\/www.lagota.ch\/index.php?rest_route=%2Fwp%2Fv2%2Fcomments&post=3740"}],"version-history":[{"count":2,"href":"https:\/\/www.lagota.ch\/index.php?rest_route=\/wp\/v2\/posts\/3740\/revisions"}],"predecessor-version":[{"id":3743,"href":"https:\/\/www.lagota.ch\/index.php?rest_route=\/wp\/v2\/posts\/3740\/revisions\/3743"}],"wp:attachment":[{"href":"https:\/\/www.lagota.ch\/index.php?rest_route=%2Fwp%2Fv2%2Fmedia&parent=3740"}],"wp:term":[{"taxonomy":"category","embeddable":true,"href":"https:\/\/www.lagota.ch\/index.php?rest_route=%2Fwp%2Fv2%2Fcategories&post=3740"},{"taxonomy":"post_tag","embeddable":true,"href":"https:\/\/www.lagota.ch\/index.php?rest_route=%2Fwp%2Fv2%2Ftags&post=3740"}],"curies":[{"name":"wp","href":"https:\/\/api.w.org\/{rel}","templated":true}]}}