{"id":3744,"date":"2021-09-21T12:18:56","date_gmt":"2021-09-21T11:18:56","guid":{"rendered":"https:\/\/www.lagota.ch\/?p=3744"},"modified":"2021-09-21T12:19:33","modified_gmt":"2021-09-21T11:19:33","slug":"besuch-bei-pro-life-in-luzern","status":"publish","type":"post","link":"https:\/\/www.lagota.ch\/?p=3744","title":{"rendered":"Besuch bei Pro Life in Luzern"},"content":{"rendered":"<p><strong>Der Verein Pro Life steht f\u00fcr fundamentalistische Welt- und FLNTIQ*-verachtende Menschenbilder. Der Verein geh\u00f6rt zur Tr\u00e4ger*innenschaft des &#8220;Marsch f\u00fcrs L\u00e4be&#8221;, eine fundamentalistische-christliche Initiative von Abtreibungsgegner*innen. In der Nacht auf den 17. September haben wir Pro Life in Emmenbr\u00fccke einen Besuch abgestattet.<\/strong><\/p>\n<p><a href=\"https:\/\/www.lagota.ch\/wp-content\/uploads\/arton4757-scaled.jpg\"><img loading=\"lazy\" decoding=\"async\" class=\"alignleft size-large wp-image-3745\" src=\"https:\/\/www.lagota.ch\/wp-content\/uploads\/arton4757-1024x678.jpg\" alt=\"\" width=\"640\" height=\"424\" srcset=\"https:\/\/www.lagota.ch\/wp-content\/uploads\/arton4757-1024x678.jpg 1024w, https:\/\/www.lagota.ch\/wp-content\/uploads\/arton4757-300x199.jpg 300w, https:\/\/www.lagota.ch\/wp-content\/uploads\/arton4757-768x509.jpg 768w, https:\/\/www.lagota.ch\/wp-content\/uploads\/arton4757-1536x1017.jpg 1536w, https:\/\/www.lagota.ch\/wp-content\/uploads\/arton4757-2048x1356.jpg 2048w\" sizes=\"auto, (max-width: 640px) 100vw, 640px\" \/><\/a><br \/><br \/>Mit &#8220;f\u00fcrs L\u00e4be&#8221; hat der Aufmarsch der christlichen Fundamentalist*innen nichts zu tun. Sie inszenieren sich als Lebenssch\u00fctzer*innen, doch propagieren sie in Wahrheit ein rechts-konservatives, r\u00fcckst\u00e4ndiges, FLNTIQ*-verachtendes Menschenbild. Das &#8220;L\u00e4be&#8221;, welches sie sich w\u00fcnschen, ist ein zutiefst sexistisches und konservatives Leben, in welchem Personen mit einer Geb\u00e4rmutter jeglicher Selbstbestimmung \u00fcber den eigenen K\u00f6rper beraubt werden. In ihrer fundamentalistischen Weltordnung ist klar geregelt, wer Kinder bekommen muss und darf. Geschlechtsidentit\u00e4t ausserhalb des bin\u00e4ren Systems, in welchem ein Cis Mann und eine Cis Frau heiraten, eine Familie gr\u00fcnden und Kinder bekommen m\u00fcssen, d\u00fcrfen nicht existieren und sich schon gar nicht fortpflanzen.<\/p>\n<p>Als Unterst\u00fctzer des &#8220;Marsch f\u00fcrs L\u00e4be&#8221; teilt der Verein Pro Life dieses reaktion\u00e4re Weltbild. Der Verein betreibt eine Krankenversicherung mit christlich-konservativer Grundhaltung. Wer Mitglied werden will, muss sich mit einer &#8220;freiwilligen Verzichtserkl\u00e4rung&#8221; verpflichten, keine Abtreibungen vorzunehmen. Wer es trotzdem tut, wird aus dem Verein ausgeschlossen.<\/p>\n<p>My Body, my Choice! Kein Fussbreit christlichen Fundamentalist*innen! In der Nacht auf den 17. September haben wir Pro Life in Emmenbr\u00fccke einen Besuch abgestattet: &#8220;Pro Life is a lie! You don\u2019t care if people with a uterus die!&#8221; Mit Flyer und Plakaten haben wir die Nachbar*innenschaft auf das reaktion\u00e4re Weltbild von Pro Life aufmerksam gemacht.<\/p>\n<p>FLNTIQ*: Frauen*, Lesben, Non-Bin\u00e4r, Trans, Intern, Queere Personen<br \/><br \/>Quelle: <a href=\"https:\/\/barrikade.info\/article\/4757\">https:\/\/barrikade.info\/article\/4757<\/a><\/p>\n\n\n<p><\/p>\n","protected":false},"excerpt":{"rendered":"<p>Der Verein Pro Life steht f\u00fcr fundamentalistische Welt- und FLNTIQ*-verachtende Menschenbilder. Der Verein geh\u00f6rt zur Tr\u00e4ger*innenschaft des &#8220;Marsch f\u00fcrs L\u00e4be&#8221;, eine fundamentalistische-christliche Initiative von Abtreibungsgegner*innen. In der Nacht auf den 17. September haben wir Pro Life in Emmenbr\u00fccke einen Besuch &hellip; <a href=\"https:\/\/www.lagota.ch\/?p=3744\">Continue reading <span class=\"meta-nav\">&rarr;<\/span><\/a><\/p>\n","protected":false},"author":1,"featured_media":0,"comment_status":"closed","ping_status":"open","sticky":false,"template":"","format":"standard","meta":{"footnotes":""},"categories":[242,11],"tags":[412,566,373,1317,1318],"class_list":["post-3744","post","type-post","status-publish","format-standard","hentry","category-emanzipation","category-luzern","tag-emmenbrucke","tag-fundamentalismus","tag-marsch-furs-labe","tag-prolife","tag-prolife-is-a-lie"],"_links":{"self":[{"href":"https:\/\/www.lagota.ch\/index.php?rest_route=\/wp\/v2\/posts\/3744","targetHints":{"allow":["GET"]}}],"collection":[{"href":"https:\/\/www.lagota.ch\/index.php?rest_route=\/wp\/v2\/posts"}],"about":[{"href":"https:\/\/www.lagota.ch\/index.php?rest_route=\/wp\/v2\/types\/post"}],"author":[{"embeddable":true,"href":"https:\/\/www.lagota.ch\/index.php?rest_route=\/wp\/v2\/users\/1"}],"replies":[{"embeddable":true,"href":"https:\/\/www.lagota.ch\/index.php?rest_route=%2Fwp%2Fv2%2Fcomments&post=3744"}],"version-history":[{"count":2,"href":"https:\/\/www.lagota.ch\/index.php?rest_route=\/wp\/v2\/posts\/3744\/revisions"}],"predecessor-version":[{"id":3747,"href":"https:\/\/www.lagota.ch\/index.php?rest_route=\/wp\/v2\/posts\/3744\/revisions\/3747"}],"wp:attachment":[{"href":"https:\/\/www.lagota.ch\/index.php?rest_route=%2Fwp%2Fv2%2Fmedia&parent=3744"}],"wp:term":[{"taxonomy":"category","embeddable":true,"href":"https:\/\/www.lagota.ch\/index.php?rest_route=%2Fwp%2Fv2%2Fcategories&post=3744"},{"taxonomy":"post_tag","embeddable":true,"href":"https:\/\/www.lagota.ch\/index.php?rest_route=%2Fwp%2Fv2%2Ftags&post=3744"}],"curies":[{"name":"wp","href":"https:\/\/api.w.org\/{rel}","templated":true}]}}