{"id":3750,"date":"2021-09-27T15:29:49","date_gmt":"2021-09-27T14:29:49","guid":{"rendered":"https:\/\/www.lagota.ch\/?p=3750"},"modified":"2021-09-27T15:32:53","modified_gmt":"2021-09-27T14:32:53","slug":"demo-2-10-21-bern-freies-und-wurdiges-leben-fur-gefluchtete","status":"publish","type":"post","link":"https:\/\/www.lagota.ch\/?p=3750","title":{"rendered":"Demo 2.10.21 Bern: &#8220;Freies und w\u00fcrdiges Leben f\u00fcr Gefl\u00fcchtete&#8221;"},"content":{"rendered":"\n<p><strong>Nein zu physischer, psychischer, sozialer und wirtschaftlicher Gewalt gegen gefl\u00fcchtete Menschen!<\/strong><\/p>\n\n\n\n<figure class=\"wp-block-image size-large is-resized\"><a href=\"https:\/\/www.lagota.ch\/wp-content\/uploads\/242396316_4431518086938161_3275260717327096311_n.jpg\"><img loading=\"lazy\" decoding=\"async\" src=\"https:\/\/www.lagota.ch\/wp-content\/uploads\/242396316_4431518086938161_3275260717327096311_n-1024x1024.jpg\" alt=\"\" class=\"wp-image-3751\" width=\"366\" height=\"366\" srcset=\"https:\/\/www.lagota.ch\/wp-content\/uploads\/242396316_4431518086938161_3275260717327096311_n-1024x1024.jpg 1024w, https:\/\/www.lagota.ch\/wp-content\/uploads\/242396316_4431518086938161_3275260717327096311_n-300x300.jpg 300w, https:\/\/www.lagota.ch\/wp-content\/uploads\/242396316_4431518086938161_3275260717327096311_n-150x150.jpg 150w, https:\/\/www.lagota.ch\/wp-content\/uploads\/242396316_4431518086938161_3275260717327096311_n-768x768.jpg 768w, https:\/\/www.lagota.ch\/wp-content\/uploads\/242396316_4431518086938161_3275260717327096311_n.jpg 1080w\" sizes=\"auto, (max-width: 366px) 100vw, 366px\" \/><\/a><\/figure>\n\n\n\n<p>&nbsp;&nbsp;&nbsp;&nbsp;&nbsp;&nbsp;&nbsp;&nbsp;&nbsp;&nbsp; Wir fordern f\u00fcr alle in der Schweiz anwesenden Afghaninnen und Afghanen den Fl\u00fcchtlingsstatus.&nbsp; Dar\u00fcber hinaus m\u00fcssen die <strong>Aufnahme von Menschen aus Afghanistan sowie Familiennachz\u00fcge<\/strong> schnell und unb\u00fcrokratisch erm\u00f6glicht werden.<br>&nbsp;&nbsp;&nbsp;&nbsp;&nbsp;&nbsp;&nbsp;&nbsp; Wir fordern <strong>f\u00fcr neu Angekommene eine Unterbringung in Wohnungen und Zugang zu professioneller psychologischer und sozialer Unterst\u00fctzung sowie eine unabh\u00e4ngige Rechtsvertretung<\/strong>. Die heutigen geschlossenen und von der Zivilgesellschaft isolierten Bundesasyllager sind keine geeigneten Unterk\u00fcnfte f\u00fcr neu angekommene Menschen (inkl. Kinder und Jugendliche). Sie f\u00f6rdern und erfordern erwiesenermassen psychische und physische Gewalt hinter ihren Mauern.<br>&nbsp;&nbsp;&nbsp;&nbsp;&nbsp;&nbsp;&nbsp;&nbsp;&nbsp; Wir fordern die <strong>sofortige Abschaffung des Nothilfesystems<\/strong>. Alle abgewiesenen Asylsuchenden m\u00fcssen ihren Fall im Hinblick auf eine Legalisierung (H\u00e4rtef\u00e4lle) \u00fcberpr\u00fcfen lassen k\u00f6nnen. Sie sollen Anspruch auf Sozialhilfe, auf angemessenen Wohnraum sowie auf eine ihren Bed\u00fcrfnissen entsprechende medizinische Versorgung haben.<br>&nbsp;&nbsp;&nbsp;&nbsp;&nbsp;&nbsp;&nbsp;&nbsp;&nbsp; Wir fordern einen <strong>Stopp der Kontroll- und Abschottungspolitik<\/strong>. Anwesenheitspflicht, t\u00e4gliche Polizeikontrollen und die Isolation von der Gesellschaft machen die Menschen in den Camps kaputt. Wir verurteilen die Kriminalisierung von Personen ohne Papiere und die Verh\u00e4ngung von Geld- und Haftstrafen f\u00fcr illegalen Aufenthalt. Kein Mensch ist illegal!<br>&nbsp;&nbsp;&nbsp;&nbsp;&nbsp;&nbsp;&nbsp;&nbsp;&nbsp; Wir fordern einen generellen <strong>Stopp von Ausschaffungen<\/strong>, da sie das Bed\u00fcrfnis nach materieller und physischer Sicherheit gefl\u00fcchteter Menschen missachten. Dazu geh\u00f6ren auch die besonders besorgniserregenden Ausschaffungen nach \u00c4thiopien und Eritrea.<br>&nbsp;&nbsp;&nbsp;&nbsp;&nbsp;&nbsp;&nbsp;&nbsp;&nbsp; Wir fordern die <strong>Abschaffung von Frontex<\/strong> und das sofortige Ende der Zusammenarbeit zwischen der Schweiz und der europ\u00e4ischen Grenzagentur.<br>&nbsp;&nbsp;&nbsp;&nbsp;&nbsp;&nbsp;&nbsp;&nbsp;&nbsp; Wir fordern die <strong>sofortige Evakuierung aller Lager<\/strong> rund um das Mittelmeer, insbesondere von Moria. Das l\u00e4cherliche Kontingent, das die Schweiz aufzunehmen gedenkt, besch\u00e4mt uns. Mehrere Gemeinden und St\u00e4dte haben sich bereit erkl\u00e4rt, Menschen aus den Lagern aufzunehmen. Wir haben Platz!<br>&nbsp;&nbsp;&nbsp;&nbsp;&nbsp;&nbsp;&nbsp;&nbsp;&nbsp; Wir fordern den <strong>R\u00fcckzug der Schweiz aus dem Dublin-Abkommen<\/strong> und, bis dahin, eine konsequente und humane Anwendung der Souver\u00e4nit\u00e4tsklausel.<br><br>Schliesslich fordern wir, was selbstverst\u00e4ndlich sein sollte: das <strong>Recht auf ein freies und w\u00fcrdiges Leben f\u00fcr Alle<\/strong>.<\/p>\n","protected":false},"excerpt":{"rendered":"<p>Nein zu physischer, psychischer, sozialer und wirtschaftlicher Gewalt gegen gefl\u00fcchtete Menschen! &nbsp;&nbsp;&nbsp;&nbsp;&nbsp;&nbsp;&nbsp;&nbsp;&nbsp;&nbsp; Wir fordern f\u00fcr alle in der Schweiz anwesenden Afghaninnen und Afghanen den Fl\u00fcchtlingsstatus.&nbsp; Dar\u00fcber hinaus m\u00fcssen die Aufnahme von Menschen aus Afghanistan sowie Familiennachz\u00fcge schnell und unb\u00fcrokratisch erm\u00f6glicht &hellip; <a href=\"https:\/\/www.lagota.ch\/?p=3750\">Continue reading <span class=\"meta-nav\">&rarr;<\/span><\/a><\/p>\n","protected":false},"author":1,"featured_media":0,"comment_status":"closed","ping_status":"open","sticky":false,"template":"","format":"standard","meta":{"footnotes":""},"categories":[328,406,16,4,108],"tags":[102,66,331,1321,103],"class_list":["post-3750","post","type-post","status-publish","format-standard","hentry","category-antira","category-migration","category-schweiz","category-veranstaltung","category-wirtschaftskrise","tag-bern","tag-demo","tag-fluchtlinge","tag-nothilfesystem","tag-rassismus"],"_links":{"self":[{"href":"https:\/\/www.lagota.ch\/index.php?rest_route=\/wp\/v2\/posts\/3750","targetHints":{"allow":["GET"]}}],"collection":[{"href":"https:\/\/www.lagota.ch\/index.php?rest_route=\/wp\/v2\/posts"}],"about":[{"href":"https:\/\/www.lagota.ch\/index.php?rest_route=\/wp\/v2\/types\/post"}],"author":[{"embeddable":true,"href":"https:\/\/www.lagota.ch\/index.php?rest_route=\/wp\/v2\/users\/1"}],"replies":[{"embeddable":true,"href":"https:\/\/www.lagota.ch\/index.php?rest_route=%2Fwp%2Fv2%2Fcomments&post=3750"}],"version-history":[{"count":2,"href":"https:\/\/www.lagota.ch\/index.php?rest_route=\/wp\/v2\/posts\/3750\/revisions"}],"predecessor-version":[{"id":3753,"href":"https:\/\/www.lagota.ch\/index.php?rest_route=\/wp\/v2\/posts\/3750\/revisions\/3753"}],"wp:attachment":[{"href":"https:\/\/www.lagota.ch\/index.php?rest_route=%2Fwp%2Fv2%2Fmedia&parent=3750"}],"wp:term":[{"taxonomy":"category","embeddable":true,"href":"https:\/\/www.lagota.ch\/index.php?rest_route=%2Fwp%2Fv2%2Fcategories&post=3750"},{"taxonomy":"post_tag","embeddable":true,"href":"https:\/\/www.lagota.ch\/index.php?rest_route=%2Fwp%2Fv2%2Ftags&post=3750"}],"curies":[{"name":"wp","href":"https:\/\/api.w.org\/{rel}","templated":true}]}}