{"id":3766,"date":"2021-10-25T13:51:16","date_gmt":"2021-10-25T12:51:16","guid":{"rendered":"https:\/\/www.lagota.ch\/?p=3766"},"modified":"2021-10-25T13:51:16","modified_gmt":"2021-10-25T12:51:16","slug":"ni-una-menos-aktion-in-luzern","status":"publish","type":"post","link":"https:\/\/www.lagota.ch\/?p=3766","title":{"rendered":"Ni una menos &#8211; Aktion in Luzern"},"content":{"rendered":"<p><strong>Drei Feminizide in einer Woche. 24 Feminizide seit Anfang Jahr. Unsere Antwort: feministischer Widerstand<\/strong>!<\/p>\n<p><a href=\"https:\/\/www.lagota.ch\/wp-content\/uploads\/arton4809.jpg\"><img loading=\"lazy\" decoding=\"async\" class=\"alignleft size-large wp-image-3767\" src=\"https:\/\/www.lagota.ch\/wp-content\/uploads\/arton4809-1024x768.jpg\" alt=\"\" width=\"640\" height=\"480\" srcset=\"https:\/\/www.lagota.ch\/wp-content\/uploads\/arton4809-1024x768.jpg 1024w, https:\/\/www.lagota.ch\/wp-content\/uploads\/arton4809-300x225.jpg 300w, https:\/\/www.lagota.ch\/wp-content\/uploads\/arton4809-768x576.jpg 768w, https:\/\/www.lagota.ch\/wp-content\/uploads\/arton4809.jpg 1280w\" sizes=\"auto, (max-width: 640px) 100vw, 640px\" \/><\/a><\/p>\n<p>Am 14. Oktober wurde eine 30-j\u00e4hrige Frau in Z\u00fcrich-Altstetten von ihrem Ehemann erstochen. Am 16. Oktober erschiesst in Nestal GL ein 27-j\u00e4hriger Mann eine 30-j\u00e4hrige Frau. Am 18. Oktober ermordet ein Mann seine 12-j\u00e4hrige Tochter in Rapperswil-Jona.<\/p>\n<p>Drei Feminizide in einer Woche! 24 Feminizide in der Schweiz seit Anfang Jahr.<\/p>\n<p>Unsere Antwort darauf haben wir gestern Abend mit Plakaten in der Stadt verteilt: Ein Angriff auf eine ist ein Angriff auf alle! Mit dem Plakatieren der Initialen und weiteren Angaben der ermordeten Personen wollen wir klarstellen: wir vergessen nicht. Nehmt ihr uns eine, antworten wir alle. Wir schliessen uns den internationalen feministischen Protesten an, um gegen Gewalt an FLINTA-Personen in der Zentralschweiz und \u00fcberall auf der Welt zu protestieren.<\/p>\n","protected":false},"excerpt":{"rendered":"<p>Drei Feminizide in einer Woche. 24 Feminizide seit Anfang Jahr. Unsere Antwort: feministischer Widerstand! Am 14. Oktober wurde eine 30-j\u00e4hrige Frau in Z\u00fcrich-Altstetten von ihrem Ehemann erstochen. Am 16. Oktober erschiesst in Nestal GL ein 27-j\u00e4hriger Mann eine 30-j\u00e4hrige Frau. &hellip; <a href=\"https:\/\/www.lagota.ch\/?p=3766\">Continue reading <span class=\"meta-nav\">&rarr;<\/span><\/a><\/p>\n","protected":false},"author":1,"featured_media":0,"comment_status":"closed","ping_status":"open","sticky":false,"template":"","format":"standard","meta":{"footnotes":""},"categories":[242,11],"tags":[493,1331,1148,68],"class_list":["post-3766","post","type-post","status-publish","format-standard","hentry","category-emanzipation","category-luzern","tag-feminismus","tag-feminizid","tag-luzern","tag-widerstand"],"_links":{"self":[{"href":"https:\/\/www.lagota.ch\/index.php?rest_route=\/wp\/v2\/posts\/3766","targetHints":{"allow":["GET"]}}],"collection":[{"href":"https:\/\/www.lagota.ch\/index.php?rest_route=\/wp\/v2\/posts"}],"about":[{"href":"https:\/\/www.lagota.ch\/index.php?rest_route=\/wp\/v2\/types\/post"}],"author":[{"embeddable":true,"href":"https:\/\/www.lagota.ch\/index.php?rest_route=\/wp\/v2\/users\/1"}],"replies":[{"embeddable":true,"href":"https:\/\/www.lagota.ch\/index.php?rest_route=%2Fwp%2Fv2%2Fcomments&post=3766"}],"version-history":[{"count":1,"href":"https:\/\/www.lagota.ch\/index.php?rest_route=\/wp\/v2\/posts\/3766\/revisions"}],"predecessor-version":[{"id":3768,"href":"https:\/\/www.lagota.ch\/index.php?rest_route=\/wp\/v2\/posts\/3766\/revisions\/3768"}],"wp:attachment":[{"href":"https:\/\/www.lagota.ch\/index.php?rest_route=%2Fwp%2Fv2%2Fmedia&parent=3766"}],"wp:term":[{"taxonomy":"category","embeddable":true,"href":"https:\/\/www.lagota.ch\/index.php?rest_route=%2Fwp%2Fv2%2Fcategories&post=3766"},{"taxonomy":"post_tag","embeddable":true,"href":"https:\/\/www.lagota.ch\/index.php?rest_route=%2Fwp%2Fv2%2Ftags&post=3766"}],"curies":[{"name":"wp","href":"https:\/\/api.w.org\/{rel}","templated":true}]}}