{"id":3770,"date":"2021-11-05T16:15:02","date_gmt":"2021-11-05T15:15:02","guid":{"rendered":"https:\/\/www.lagota.ch\/?p=3770"},"modified":"2021-11-05T16:16:38","modified_gmt":"2021-11-05T15:16:38","slug":"6-november-2021-weltkobanetag-in-basel","status":"publish","type":"post","link":"https:\/\/www.lagota.ch\/?p=3770","title":{"rendered":"6. November 2021 Weltkobanetag in Basel"},"content":{"rendered":"\n<p><strong>Am 06.11 findet in Basel der Weltkobanetag statt. Neben einer grossen Demonstration gibt es auch ein politisches und kulturelles Programm. Genauere Infos folgen.<\/strong><\/p>\n\n\n\n<p><img loading=\"lazy\" decoding=\"async\" width=\"1447\" height=\"2048\" class=\"wp-image-3771\" style=\"width: 400px; height: 600px\" src=\"https:\/\/www.lagota.ch\/wp-content\/uploads\/wkt-v2.png.jpg\" alt=\"\" srcset=\"https:\/\/www.lagota.ch\/wp-content\/uploads\/wkt-v2.png.jpg 1447w, https:\/\/www.lagota.ch\/wp-content\/uploads\/wkt-v2.png-212x300.jpg 212w, https:\/\/www.lagota.ch\/wp-content\/uploads\/wkt-v2.png-724x1024.jpg 724w, https:\/\/www.lagota.ch\/wp-content\/uploads\/wkt-v2.png-768x1087.jpg 768w, https:\/\/www.lagota.ch\/wp-content\/uploads\/wkt-v2.png-1085x1536.jpg 1085w\" sizes=\"auto, (max-width: 1447px) 100vw, 1447px\" \/><br>Weltkobanetag 2021 \u2013 Widestand heisst leben<\/p>\n\n\n\n<p>Koban\u00ea. Der Name dieser Stadt in Rojava steht heute als Synonym f\u00fcr Hoffnung und Widerstand. Die bewaffnete Bev\u00f6lkerung von Koban\u00ea schlug 2014 nach monatelangen K\u00e4mpfen den \u201eIslamischen Staat\u201c zur\u00fcck. In einer scheinbar aussichtslosen Situation k\u00e4mpfte die Bev\u00f6lkerung angef\u00fchrt vom Mut und Widerstand der Frauen gegen den IS. Mit dem Sieg in Koban\u00ea wendete sich das Blatt und die kurdische Freiheitsbewegung befreite Gebiet f\u00fcr Gebiet von der Terrorherrschaft des IS.<br>Gleichzeitig gingen hunderttausende Menschen weltweit auf die Strasse, weil sie erkannt hatten, dass in Koban\u00ea nicht nur um eine Stadt gek\u00e4mpft wurde, sondern um grundlegenderes. Koban\u00ea steht f\u00fcr die Verteidigung von Menschlichkeit und die feste Entschlossenheit, dass eine revolution\u00e4re Perspektive inmitten dieser Zeit der Kriege und des erstarkenden Faschismus aufgebaut werden kann.<br>Die faschistische Regierung in Ankara hat seither zahllose weitere Verbrechen und Angriffskriege losgetreten. Zuerst wurden kurdische St\u00e4dte in der T\u00fcrkei mit Kampfflugzeugen zerbombt, dann Afrin mit deutschen Panzern. 2019 besetzte die T\u00fcrkei weitere Teile Rojavas und vertrieb die kurdische Bev\u00f6lkerung. Heute findet ein intensiver Krieg gegen die Guerilla der PKK in den Gebirgen des Nordiraks statt. Die HDP ist einem Verbotsverfahren und faschistischer Gewalt ausgesetzt und es kommt zu Pogromen gegen Kurd*innen.<br>In all diesen Kriegen sind zehntausende Menschen get\u00f6tet worden. Doch die kurdische Freiheitsbewegung k\u00e4mpft weiter, Rojava lebt und damit die Gewissheit, dass ein Gesellschaft fernab kapitalistischer, staatlicher und patriarchaler Gewalt m\u00f6glich ist.<br>Der Aufbau einer gloablen Solidarit\u00e4tsbewegung mit Rojava und mit den antifaschistischen Kr\u00e4ften in der T\u00fcrkei ist eine realer Machtfaktor Denn je mehr wir die Stimme des Widerstands, die Stimme von Koban\u00ea auch hier erheben, desto eher wird der Faschismus in der T\u00fcrkei zusammenbrechen. Der t\u00fcrkische Faschismus wird von Europa und nicht zuletzt von der Schweiz gest\u00fctzt. Am 1. Oktober wurde das Freihandelsabkommen zwischen der Schweiz und der T\u00fcrkei neu ratifiziert. Dies bedeutet Einnahmen f\u00fcr den sich in der Krise befindenden t\u00fcrkischen Staat, welche er f\u00fcr seine faschistische Politik so dringend braucht.<br>Lasst uns am 6. November f\u00fcr einen internationalen Antifaschismus und f\u00fcr das revolution\u00e4re Rojava auf die Strasse gehen! In Gedenken an alle Menschen, die im Kampf gegen den t\u00fcrkischen Faschismus und f\u00fcr ein freies Leben gefallen sind. Mit der Wut auf dieses System, dass Faschismus Krieg und Elend produziert und mit der Gewissheit, dass es auf wackeligen Beinen steht und dass wir es zum Fallen bringen!<br>Nach der Demo gibt es einen Veranstaltungsabend, mit Diskussionen zum t\u00fcrkischen Faschismus und der Rolle der kurdischen Frauenbewegung im Koban\u00ea Widerstand, sowie kulturelles Programm und Konzerte.<\/p>\n","protected":false},"excerpt":{"rendered":"<p>Am 06.11 findet in Basel der Weltkobanetag statt. Neben einer grossen Demonstration gibt es auch ein politisches und kulturelles Programm. Genauere Infos folgen. Weltkobanetag 2021 \u2013 Widestand heisst leben Koban\u00ea. Der Name dieser Stadt in Rojava steht heute als Synonym &hellip; <a href=\"https:\/\/www.lagota.ch\/?p=3770\">Continue reading <span class=\"meta-nav\">&rarr;<\/span><\/a><\/p>\n","protected":false},"author":1,"featured_media":0,"comment_status":"closed","ping_status":"open","sticky":false,"template":"","format":"standard","meta":{"footnotes":""},"categories":[713,16,4],"tags":[67,712,1163,719,68],"class_list":["post-3770","post","type-post","status-publish","format-standard","hentry","category-kurdistan","category-schweiz","category-veranstaltung","tag-basel","tag-kobane","tag-kurdistan","tag-rojava","tag-widerstand"],"_links":{"self":[{"href":"https:\/\/www.lagota.ch\/index.php?rest_route=\/wp\/v2\/posts\/3770","targetHints":{"allow":["GET"]}}],"collection":[{"href":"https:\/\/www.lagota.ch\/index.php?rest_route=\/wp\/v2\/posts"}],"about":[{"href":"https:\/\/www.lagota.ch\/index.php?rest_route=\/wp\/v2\/types\/post"}],"author":[{"embeddable":true,"href":"https:\/\/www.lagota.ch\/index.php?rest_route=\/wp\/v2\/users\/1"}],"replies":[{"embeddable":true,"href":"https:\/\/www.lagota.ch\/index.php?rest_route=%2Fwp%2Fv2%2Fcomments&post=3770"}],"version-history":[{"count":4,"href":"https:\/\/www.lagota.ch\/index.php?rest_route=\/wp\/v2\/posts\/3770\/revisions"}],"predecessor-version":[{"id":3775,"href":"https:\/\/www.lagota.ch\/index.php?rest_route=\/wp\/v2\/posts\/3770\/revisions\/3775"}],"wp:attachment":[{"href":"https:\/\/www.lagota.ch\/index.php?rest_route=%2Fwp%2Fv2%2Fmedia&parent=3770"}],"wp:term":[{"taxonomy":"category","embeddable":true,"href":"https:\/\/www.lagota.ch\/index.php?rest_route=%2Fwp%2Fv2%2Fcategories&post=3770"},{"taxonomy":"post_tag","embeddable":true,"href":"https:\/\/www.lagota.ch\/index.php?rest_route=%2Fwp%2Fv2%2Ftags&post=3770"}],"curies":[{"name":"wp","href":"https:\/\/api.w.org\/{rel}","templated":true}]}}