{"id":3785,"date":"2021-12-06T16:35:51","date_gmt":"2021-12-06T15:35:51","guid":{"rendered":"https:\/\/www.lagota.ch\/?p=3785"},"modified":"2021-12-06T16:35:51","modified_gmt":"2021-12-06T15:35:51","slug":"18-12-21-demo-gegen-ausschaffung-wauwilermoos","status":"publish","type":"post","link":"https:\/\/www.lagota.ch\/?p=3785","title":{"rendered":"18.12.21: Demo gegen Ausschaffung (Wauwilermoos)"},"content":{"rendered":"\n<figure class=\"wp-block-image size-large\"><a href=\"https:\/\/www.lagota.ch\/wp-content\/uploads\/263953883_1214627402357481_3372985042752285184_n.jpg\"><img loading=\"lazy\" decoding=\"async\" width=\"729\" height=\"1024\" src=\"https:\/\/www.lagota.ch\/wp-content\/uploads\/263953883_1214627402357481_3372985042752285184_n-729x1024.jpg\" alt=\"\" class=\"wp-image-3786\" srcset=\"https:\/\/www.lagota.ch\/wp-content\/uploads\/263953883_1214627402357481_3372985042752285184_n-729x1024.jpg 729w, https:\/\/www.lagota.ch\/wp-content\/uploads\/263953883_1214627402357481_3372985042752285184_n-214x300.jpg 214w, https:\/\/www.lagota.ch\/wp-content\/uploads\/263953883_1214627402357481_3372985042752285184_n-768x1079.jpg 768w, https:\/\/www.lagota.ch\/wp-content\/uploads\/263953883_1214627402357481_3372985042752285184_n.jpg 911w\" sizes=\"auto, (max-width: 729px) 100vw, 729px\" \/><\/a><\/figure>\n\n\n\n<p>Kein Mensch ist illegal! Schluss mit Ausschaffungen!18. Dezember \/\/ 12:45 Uhr \/\/ Bahnhofplatz Luzern \/\/ um 13:30 Uhr gemeinsame Anreise nach Wauwil zur Demo Anstatt gefl\u00fcchteten oder migrierten Personen ein sicheres und w\u00fcrdiges Leben zu erm\u00f6glichen, werden in der Schweiz jedes Jahr Tausende Menschen unter Zwang ausgeschafft. Dahinter steht ein zutiefst rassistisches System: Gefl\u00fcchteten Menschen wird grunds\u00e4tzlich mit Misstrauen begegnet, sie werden in \u00abrichtige\u00bb und \u00abSchein-Gefl\u00fcchtete\u00bb eingeteilt. Folgen davon sind die Illegalisierung, der Verlust praktisch aller Rechte in der Nothilfe, oder zuletzt die Ausschaffung. Wir sagen: Kein Mensch ist illegal! Keine Person sollte jemals an den Ort zur\u00fcckkehren m\u00fcssen, den sie verlassen wollten oder mussten. Wir fordern: Bleiberecht f\u00fcr alle! <\/p>\n\n\n\n<p>&#8212;&#8211;No person is illegal! Stop deportations!December 18\/\/ 12.45 PM \/\/ Banhofsplatz Lucerne \/\/<br>At 1.30 PM joint journey to Wauwil for the demoInstead of providing refugees and migrants with a safe and dignified life, thousands of people are forcibly deported out of Switzerland every year. Behind this stands a profoundly racist system: refuges are on principle treated with suspicion, they are divided into \u201creal\u201d and \u201cpretend\u201d refugees. The consequences of this are illegalization, the loss of practically all rights in emergency aid, or finally deportation. We say: No human being is illegal. No person should ever have to return to the place they wanted to or had to leave. We demand: The right to stay for all!<\/p>\n\n\n\n<p>&#8212;&#8211;Hi\u00e7 kimse yasa d\u0131\u015f\u0131 de\u011fil! s\u0131n\u0131r d\u0131\u015f\u0131 edilmeyi sonland\u0131r. 18. Aralik\/\/13.00&#8217;de<br>Bahnhofsplatz Luzern\u2019de bulu\u015fup saat 13.30&#8217;de hep beraber Wauwil\u2018deki eyleme kat\u0131laca\u011f\u0131z M\u00fclteci veya g\u00f6\u00e7menlerin g\u00fcvenli ve onurlu bir ya\u015fam s\u00fcrmelerini sa\u011flamak yerine her y\u0131l binlerce insan \u0130svi\u00e7re&#8217;de zorla s\u0131n\u0131r d\u0131\u015f\u0131 ediliyor. Bunun arkas\u0131nda \u0131rk\u00e7\u0131 bir sistem var: M\u00fcltecilere genellikle \u015f\u00fcpheyle yakla\u015f\u0131l\u0131yor, \u201cger\u00e7ek\u201d ve \u201csahte m\u00fclteciler\u201d olarak ikiye ayr\u0131l\u0131yor. Bunun sonu\u00e7lar\u0131 ise m\u00fcltecileri yasa d\u0131\u015f\u0131 ilan etme, acil yard\u0131mla ilgili neredeyse t\u00fcm haklar\u0131 ellerinden alma veya nihayetinde s\u0131n\u0131r d\u0131\u015f\u0131 edilmesidir.Diyoruz ki: kimse yasa d\u0131\u015f\u0131 de\u011fildir! Hi\u00e7 kimse istemedi\u011fi veya ayr\u0131lmak zorunda b\u0131rak\u0131ld\u0131\u011f\u0131 yere geri d\u00f6nmek zorunda kalmamal\u0131d\u0131r. Talep ediyoruz: herkes i\u00e7in kalma hakk\u0131!<\/p>\n\n\n\n<p>&#8212;-\u12d8\u12ed\u1215\u130b\u12ca \u12dd\u12c0\u1290 \u12ed\u12b9\u1295 \u1230\u1265 \u12e8\u1208\u1295! \u12f0\u130a\u121d \u121d\u1325\u122b\u12dd \u12ad\u12cd\u1308\u12f5 \u12a3\u1208\u12ce!<br>18 \u1273\u1215\u1233\u1235 \u1230\u12d3\u1275 12.45 Bahnhofsplatz Luzern<br>\u1230\u12d3\u1275 13.30 \u1309\u12d5\u12de\u1293 \u1265\u1213\u1263\u122d \u1295\u1230\u1208\u121b\u12ca \u1230\u120d\u134a \u1293\u1265 Wauwil \u12a3\u1265 \u12d3\u12d3\u1218\u1275 \u1265\u12a3\u123d\u1213\u1275 \u12da\u125d\u1338\u1229 \u1230\u1263\u1275 \u1235\u12f0\u1270\u129b\u1273\u1275 \u1265\u1230\u120b\u121d \u12ad\u1290\u1265\u1229 \u12a3\u1265 \u12ad\u1295\u12f2 \u12dd\u130d\u1260\u1228\u120e\u121d\u1361 \u1265\u12f5\u134d\u12a2\u1275 \u12a5\u12ee\u121d \u12ab\u1265 \u1235\u12ca\u12d8\u122d\u120b\u1295\u12f5 \u12dd\u1325\u1228\u12d9\u1362 \u12a3\u1265\u1272 \u1293\u12ed \u1235\u12f0\u1270\u129b\u1273\u1275 \u1218\u1235\u122d\u1215 \u12cd\u1295 \u1265\u1213\u1348\u123b \u1215\u121b\u1245 \u12c8\u12ed \u12d3\u120c\u1275\u1290\u1275 \u12dd\u1270\u1213\u12c8\u1236 \u1218\u1235\u122d\u1215 \u12a5\u12e9 \u12d8\u120e\u1362 \u1235\u12f0\u1270\u129b\u1273\u1275 \u1265\u1213\u1348\u123b \u12a3\u12dd\u12e9 \u1215\u121b\u1245\u1295 \u121d\u1275\u12a5\u121d\u121b\u1295 \u12dd\u130e\u12f0\u120e \u12a3\u1240\u1263\u1265\u120b \u12ad\u130d\u1260\u1228\u120e\u121d \u12a5\u1295\u12a8\u120e\u1361<br>\u1293\u12ed \u1213\u1242 \u12b8\u121d\u12a1\u12cd\u1295 \u1293\u12ed \u1213\u1236\u1275 \u1235\u12f0\u1270\u129b\u1273\u1275 \u1270\u1263\u1202\u120e\u121d \u12ab\u12a3 \u1270\u1218\u1252\u120e\u121d \u12a3\u1208\u12c9\u1362 \u1233\u12d5\u1264\u1291 \u12a8\u12a3 \u12d8\u12ed\u1215\u130b\u12ca \u121d\u130d\u1263\u122d \u12f3\u122d\u130b \u12c5\u1209 \u1218\u1230\u120b\u1275 \u1205\u1339\u133d \u1228\u12f5\u12a4\u1275 \u121d\u1325\u134b\u12a5 \u12c8\u12ed \u12a3\u1265 \u1218\u12c8\u12f3\u12a5\u1273 \u121d\u1325\u122b\u12dd \u12a5\u12e9\u1362<br>\u1295\u1215\u1293 \u12ab\u12a3 \u12cb\u120b \u1213\u12f0 \u1230\u1265 \u12d8\u12ed\u1215\u130b\u12ca \u12a3\u12ed\u12b0\u1290\u1295 \u1295\u1265\u120d!<br>\u12dd\u12c0\u1290 \u12ed\u12b9\u1295 \u1230\u1265 \u1293\u1265\u1272 \u12ad\u1308\u12f5\u134e \u12dd\u1270\u1308\u12f0\u12f0 \u12c8\u12ed \u12ad\u12c8\u133d\u12a5 \u12dd\u1218\u1228\u133e \u1266\u1273 \u1265\u12d8\u12ed\u121d\u122d\u132d\u12a1 \u12ad\u121d\u1208\u1235 \u12e8\u1265\u1209\u1295\u1362 \u1295\u1215\u1293 \u12a8\u12a3 \u12a9\u1209 \u1230\u1265 \u12a3\u1265\u1272 \u12d8\u1208\u12ce \u1266\u1273 \u1293\u12ed \u121d\u133d\u1293\u1215 \u1218\u1230\u120d \u12bd\u1205\u120d\u12ce \u133b\u12ca\u12d5\u1275\u1293 \u1290\u1245\u122d\u1265 \u12a3\u1208\u1293!<\/p>\n\n\n\n<p>&#8212;-T\u00fb kes ne \u00eellegal e! \u00cad\u00ee ders\u00eenorkirin nema! 18 Kan\u00fbn, seet 13:00 Bahnhofsstrasse Lucerne.<br>C\u00fby\u00eena hevbe\u015f ji bo demo li Wauwil di 13:30 de Her sal bi hezaran kes bi dar\u00ea zor\u00ea ji Sw\u00eesrey\u00ea t\u00eane ders\u00eenorkirin, li \u015f\u00fbna ku penaber an ko\u00e7ber karibin jiyanek bi ewle \u00fb bi r\u00fbmet bij\u00een. Li pi\u015ft v\u00ea pergalek nijadperest a k\u00fbr heye: Penaber pir caran bi gumanan t\u00eane d\u00eetin, di bin nav\u00ean &#8220;penaber\u00ean rast&#8221; \u00fb &#8220;penaber\u00ean sexte&#8221; de t\u00eane dabe\u015f kirin. Encam ders\u00eenorkirin, windakirina hema hema hem\u00ee maf\u00ean al\u00eekariya ac\u00eel, \u00fb di dawiy\u00ea de ders\u00eenorkirin in. Em dib\u00eajin: T\u00fb kes ne \u00eellegal e! Div\u00ea tu kes neveger\u00ea c\u00eeh\u00ea ku ew naxwaze an j\u00ee c\u00eeh\u00ea ku ji bo w\u00ee xeterey\u00ea.<br>Em daxwaz dikin: Maf\u00ea may\u00een\u00ea ji bo her k<\/p>\n","protected":false},"excerpt":{"rendered":"<p>Kein Mensch ist illegal! Schluss mit Ausschaffungen!18. Dezember \/\/ 12:45 Uhr \/\/ Bahnhofplatz Luzern \/\/ um 13:30 Uhr gemeinsame Anreise nach Wauwil zur Demo Anstatt gefl\u00fcchteten oder migrierten Personen ein sicheres und w\u00fcrdiges Leben zu erm\u00f6glichen, werden in der Schweiz &hellip; <a href=\"https:\/\/www.lagota.ch\/?p=3785\">Continue reading <span class=\"meta-nav\">&rarr;<\/span><\/a><\/p>\n","protected":false},"author":1,"featured_media":0,"comment_status":"closed","ping_status":"open","sticky":false,"template":"","format":"standard","meta":{"footnotes":""},"categories":[13,328,11,406,16,4],"tags":[325,66,1148,1339],"class_list":["post-3785","post","type-post","status-publish","format-standard","hentry","category-antifa","category-antira","category-luzern","category-migration","category-schweiz","category-veranstaltung","tag-ausschaffung","tag-demo","tag-luzern","tag-wauwilermoos"],"_links":{"self":[{"href":"https:\/\/www.lagota.ch\/index.php?rest_route=\/wp\/v2\/posts\/3785","targetHints":{"allow":["GET"]}}],"collection":[{"href":"https:\/\/www.lagota.ch\/index.php?rest_route=\/wp\/v2\/posts"}],"about":[{"href":"https:\/\/www.lagota.ch\/index.php?rest_route=\/wp\/v2\/types\/post"}],"author":[{"embeddable":true,"href":"https:\/\/www.lagota.ch\/index.php?rest_route=\/wp\/v2\/users\/1"}],"replies":[{"embeddable":true,"href":"https:\/\/www.lagota.ch\/index.php?rest_route=%2Fwp%2Fv2%2Fcomments&post=3785"}],"version-history":[{"count":1,"href":"https:\/\/www.lagota.ch\/index.php?rest_route=\/wp\/v2\/posts\/3785\/revisions"}],"predecessor-version":[{"id":3787,"href":"https:\/\/www.lagota.ch\/index.php?rest_route=\/wp\/v2\/posts\/3785\/revisions\/3787"}],"wp:attachment":[{"href":"https:\/\/www.lagota.ch\/index.php?rest_route=%2Fwp%2Fv2%2Fmedia&parent=3785"}],"wp:term":[{"taxonomy":"category","embeddable":true,"href":"https:\/\/www.lagota.ch\/index.php?rest_route=%2Fwp%2Fv2%2Fcategories&post=3785"},{"taxonomy":"post_tag","embeddable":true,"href":"https:\/\/www.lagota.ch\/index.php?rest_route=%2Fwp%2Fv2%2Ftags&post=3785"}],"curies":[{"name":"wp","href":"https:\/\/api.w.org\/{rel}","templated":true}]}}