{"id":3796,"date":"2022-01-03T10:13:21","date_gmt":"2022-01-03T09:13:21","guid":{"rendered":"https:\/\/www.lagota.ch\/?p=3796"},"modified":"2022-01-03T10:13:21","modified_gmt":"2022-01-03T09:13:21","slug":"gemeinsam-kampfen-antifaschistisch-und-revolutionar","status":"publish","type":"post","link":"https:\/\/www.lagota.ch\/?p=3796","title":{"rendered":"Gemeinsam k\u00e4mpfen &#8211; antifaschistisch und revolution\u00e4r!"},"content":{"rendered":"\n<p><strong>Wir leben in einer Zeit von schweren Krisen. In diesem Kontext findet ein Rechtsruck statt: Regierungen werden autorit\u00e4rer und die Justiz repressiver. In der Bev\u00f6lkerung breitet sich rechtsradikales Gedankengut aus. Beziehen wir Stellung dagegen. Lasst uns die antifaschistische Bewegung st\u00e4rken und aufbauen! Denn wir brauchen sie jetzt dringend.<\/strong><\/p>\n\n\n\n<figure class=\"wp-block-image size-full\"><a href=\"https:\/\/www.lagota.ch\/wp-content\/uploads\/arton4931.png\"><img loading=\"lazy\" decoding=\"async\" width=\"710\" height=\"398\" src=\"https:\/\/www.lagota.ch\/wp-content\/uploads\/arton4931.png\" alt=\"\" class=\"wp-image-3797\" srcset=\"https:\/\/www.lagota.ch\/wp-content\/uploads\/arton4931.png 710w, https:\/\/www.lagota.ch\/wp-content\/uploads\/arton4931-300x168.png 300w\" sizes=\"auto, (max-width: 710px) 100vw, 710px\" \/><\/a><\/figure>\n\n\n\n<p>Die Mauern um Europa werden h\u00f6her. Z\u00e4une werden weiter ausgebaut, Drohnen zur \u00dcberwachung der Grenzen eingesetzt, Pushbacks durchgef\u00fchrt &#8211; von Frontex oder auch von faschistischen Milizen. Auch innerhalb Europas versch\u00e4rfen sich Bedingungen f\u00fcr Migrant*innen. Die Struktur und die Gesetze nicht nur der Schweizer Migrationspolitik sind auf Abschreckung und Abschiebung ausgelegt. Gewalt, in psychischer und physischer Form ist st\u00fctzender Teil davon. Hinter den Mauern von Bundesasyllagern sind asylsuchende Menschen vom Rest der Gesellschaft isoliert und Einsch\u00fcchterungen, Schikanen, \u00dcberwachung und Druck ausgesetzt. Diese massive rassistische Gewalt kostet zehntausende Menschen das Leben und dr\u00fcckt Millionen in die Prekarit\u00e4t. Doch gesellschaftliche Solidarit\u00e4t bleibt weitgehend aus. Im Gegenteil normalisieren sich rassistische, entmenschlichende Diskurse, w\u00e4hrend gem\u00e4ss UNO-Zahlen so viel Menschen vor Krieg und Gewalt auf der Flucht sind, wie nie zuvor.<\/p>\n\n\n\n<p>Im Zuge der Proteste gegen die staatlichen Corona-Massnahmen haben rechte Netzwerke an St\u00e4rke gewonnen. An verschiedenen Demonstrationen waren Neonazis an der Spitze beteiligt. Es gibt eine gef\u00e4hrliche Verbindung von diffusen Verschw\u00f6rungserz\u00e4hlungen und bestehenden rechten Strukturen. Dabei muss eine Kritik an der staatlichen Krisenverwaltung keineswegs mit Verschw\u00f6rungsmythen, der Leugnung von Corona oder Nationalismus einhergehen. Doch linke Stimmen waren in dieser Zeit viel zu leise.<\/p>\n\n\n\n<p>Das zu einer Zeit, in der f\u00fcr die meisten Lohnabh\u00e4ngigen die \u00f6konomische Unsicherheit zugenommen hat, w\u00e4hrend Grosskonzerne mitten in der Krise Milliardenprofite einfahren. Der gleiche Staat, der uns permanent zur \u201eSolidarit\u00e4t\u201c ermahnt, zwingt dem Gesundheitssektor neoliberale Sparmassnahmen auf und blockiert die Aufhebung der Patente, um die Profite der Pharmakonzerne zu sch\u00fctzen. Die Impfung bleibt somit vielen Weltregionen kaum zug\u00e4nglich.<\/p>\n\n\n\n<p>Weil es unter kapitalistischen Bedingungen f\u00fcr die gesellschaftlichen Widerspr\u00fcche keine L\u00f6sungen gibt, wird schlicht die Repression versch\u00e4rft. Gerade auch in der Pandemie wurden Polizei- und \u00dcberwachungsgesetze ausgedehnt und die Strafverfolgung von Protesten intensiviert. Nachdem es vers\u00e4umt wurde durch Information und einfache, zug\u00e4ngliche Angebote eine hohe Impfquote zu erreichen, wurde versucht durch das Zertifikat den Druck zu erh\u00f6hen. Problematisch dabei ist auch, dass wir uns daran gew\u00f6hnen uns gegenseitig zu kontrollieren und \u00fcberall auszuweisen.<\/p>\n\n\n\n<p>Doch wir erwarten von diesem Staat auch keine Hilfe in den aktuellen und zuk\u00fcnftigen Krisen. Wir m\u00fcssen unsere eigenen gesellschaftlichen Kr\u00e4fte aufbauen. Und das geschieht ja auch bereits vielerorts: Die globale feministische Bewegung, die sich gegen den Staat und dessen patriarchalen Strukturen organisiert; die widerst\u00e4ndige Organisierung von Migrant*innen in Europa oder die zunehmenden Proteste gegen die Klimazerst\u00f6rung, um nur einige zu nennen.<\/p>\n\n\n\n<p>Der aktuelle Rechtsrutsch ist real und wir m\u00fcssen ihn ernst nehmen. Doch wir d\u00fcrfen uns nicht entmutigen lassen! Im Gegenteil, nehmen wir die zahlreichen Krisen als Anlass unsere Organisierung und Vernetzung voranzutreiben und eine solidarische Perspektive auf die Tagesordnung zu setzen! Lasst uns gemeinsam am 12.02.2022 auf die Strasse gehen und ein starkes antifaschistisches Zeichen setzen!<\/p>\n","protected":false},"excerpt":{"rendered":"<p>Wir leben in einer Zeit von schweren Krisen. In diesem Kontext findet ein Rechtsruck statt: Regierungen werden autorit\u00e4rer und die Justiz repressiver. In der Bev\u00f6lkerung breitet sich rechtsradikales Gedankengut aus. Beziehen wir Stellung dagegen. Lasst uns die antifaschistische Bewegung st\u00e4rken &hellip; <a href=\"https:\/\/www.lagota.ch\/?p=3796\">Continue reading <span class=\"meta-nav\">&rarr;<\/span><\/a><\/p>\n","protected":false},"author":1,"featured_media":0,"comment_status":"closed","ping_status":"open","sticky":false,"template":"","format":"standard","meta":{"footnotes":""},"categories":[13,328,16,4,108],"tags":[1149,1349,67,627,173,178],"class_list":["post-3796","post","type-post","status-publish","format-standard","hentry","category-antifa","category-antira","category-schweiz","category-veranstaltung","category-wirtschaftskrise","tag-antifa","tag-antifaschistisch","tag-basel","tag-nazifrei","tag-neonazis","tag-rechtsextreme"],"_links":{"self":[{"href":"https:\/\/www.lagota.ch\/index.php?rest_route=\/wp\/v2\/posts\/3796","targetHints":{"allow":["GET"]}}],"collection":[{"href":"https:\/\/www.lagota.ch\/index.php?rest_route=\/wp\/v2\/posts"}],"about":[{"href":"https:\/\/www.lagota.ch\/index.php?rest_route=\/wp\/v2\/types\/post"}],"author":[{"embeddable":true,"href":"https:\/\/www.lagota.ch\/index.php?rest_route=\/wp\/v2\/users\/1"}],"replies":[{"embeddable":true,"href":"https:\/\/www.lagota.ch\/index.php?rest_route=%2Fwp%2Fv2%2Fcomments&post=3796"}],"version-history":[{"count":1,"href":"https:\/\/www.lagota.ch\/index.php?rest_route=\/wp\/v2\/posts\/3796\/revisions"}],"predecessor-version":[{"id":3798,"href":"https:\/\/www.lagota.ch\/index.php?rest_route=\/wp\/v2\/posts\/3796\/revisions\/3798"}],"wp:attachment":[{"href":"https:\/\/www.lagota.ch\/index.php?rest_route=%2Fwp%2Fv2%2Fmedia&parent=3796"}],"wp:term":[{"taxonomy":"category","embeddable":true,"href":"https:\/\/www.lagota.ch\/index.php?rest_route=%2Fwp%2Fv2%2Fcategories&post=3796"},{"taxonomy":"post_tag","embeddable":true,"href":"https:\/\/www.lagota.ch\/index.php?rest_route=%2Fwp%2Fv2%2Ftags&post=3796"}],"curies":[{"name":"wp","href":"https:\/\/api.w.org\/{rel}","templated":true}]}}