{"id":3799,"date":"2022-01-05T11:54:08","date_gmt":"2022-01-05T10:54:08","guid":{"rendered":"https:\/\/www.lagota.ch\/?p=3799"},"modified":"2022-01-05T11:55:35","modified_gmt":"2022-01-05T10:55:35","slug":"neustart-22","status":"publish","type":"post","link":"https:\/\/www.lagota.ch\/?p=3799","title":{"rendered":"Neustart 22"},"content":{"rendered":"\n<p>Hast du die guten Vors\u00e4tze f\u00fcrs neue Jahr schon gefasst?Wie w\u00e4re es mit mehr Aktivismus?Komm zur Sitzung am 9.1. um 14 Uhr im R\u00e4ZeL Horwerstrasse 14 Luzern mehr Infos: <a rel=\"noreferrer noopener\" href=\"https:\/\/l.facebook.com\/l.php?u=http%3A%2F%2Fwww.neustart.tk%2F%3Ffbclid%3DIwAR3EWH-rVdaZiF-aej5ets7LOU8zPsiGjYPsmnxByxJWZ0Odm3QuKkX5vXs&amp;h=AT1xFnw0pt8gk64DlxanlqygeeneYKPUVm-LqMbvfdKZmAVLgM0aWyql_jfnjO97TFkPxKP4jJN5ANViJkEeHNa6Z3Xn1HuQw2HoPi7cod8vxcEknSbZUppLPnp3A7YxYg&amp;__tn__=-UK-R&amp;c[0]=AT2S4XL9bN0TiDibRM5cg6u9heTvEhdY8EyQ4dmMWlzxZsBCDweMXO-KD2s8ETEtdUjF9i_w1tAHKwe0DviFJsNllvFsnCCXP5qxKJCXE2GnYG-iUIYhJxMmZN-ha8SOQXNO09mVcbvmml0BFIp0PD2i64jgbGg6ZdXHfH4qFzPZRZ3kGOAT18tIopxTPK_mp-t_FA\" target=\"_blank\">www.neustart.tk<\/a><\/p>\n\n\n\n<p>Bitte weiterleiten<br><img loading=\"lazy\" decoding=\"async\" width=\"1080\" height=\"1350\" class=\"wp-image-3800\" style=\"width: 400px; height: 500px\" src=\"https:\/\/www.lagota.ch\/wp-content\/uploads\/270754964_958620281717932_7929443121787305881_n.jpg\" alt=\"\" srcset=\"https:\/\/www.lagota.ch\/wp-content\/uploads\/270754964_958620281717932_7929443121787305881_n.jpg 1080w, https:\/\/www.lagota.ch\/wp-content\/uploads\/270754964_958620281717932_7929443121787305881_n-240x300.jpg 240w, https:\/\/www.lagota.ch\/wp-content\/uploads\/270754964_958620281717932_7929443121787305881_n-819x1024.jpg 819w, https:\/\/www.lagota.ch\/wp-content\/uploads\/270754964_958620281717932_7929443121787305881_n-768x960.jpg 768w\" sizes=\"auto, (max-width: 1080px) 100vw, 1080px\" \/><\/p>\n","protected":false},"excerpt":{"rendered":"<p>Hast du die guten Vors\u00e4tze f\u00fcrs neue Jahr schon gefasst?Wie w\u00e4re es mit mehr Aktivismus?Komm zur Sitzung am 9.1. um 14 Uhr im R\u00e4ZeL Horwerstrasse 14 Luzern mehr Infos: www.neustart.tk Bitte weiterleiten<\/p>\n","protected":false},"author":1,"featured_media":0,"comment_status":"closed","ping_status":"open","sticky":false,"template":"","format":"standard","meta":{"footnotes":""},"categories":[1],"tags":[],"class_list":["post-3799","post","type-post","status-publish","format-standard","hentry","category-uncategorized"],"_links":{"self":[{"href":"https:\/\/www.lagota.ch\/index.php?rest_route=\/wp\/v2\/posts\/3799","targetHints":{"allow":["GET"]}}],"collection":[{"href":"https:\/\/www.lagota.ch\/index.php?rest_route=\/wp\/v2\/posts"}],"about":[{"href":"https:\/\/www.lagota.ch\/index.php?rest_route=\/wp\/v2\/types\/post"}],"author":[{"embeddable":true,"href":"https:\/\/www.lagota.ch\/index.php?rest_route=\/wp\/v2\/users\/1"}],"replies":[{"embeddable":true,"href":"https:\/\/www.lagota.ch\/index.php?rest_route=%2Fwp%2Fv2%2Fcomments&post=3799"}],"version-history":[{"count":3,"href":"https:\/\/www.lagota.ch\/index.php?rest_route=\/wp\/v2\/posts\/3799\/revisions"}],"predecessor-version":[{"id":3803,"href":"https:\/\/www.lagota.ch\/index.php?rest_route=\/wp\/v2\/posts\/3799\/revisions\/3803"}],"wp:attachment":[{"href":"https:\/\/www.lagota.ch\/index.php?rest_route=%2Fwp%2Fv2%2Fmedia&parent=3799"}],"wp:term":[{"taxonomy":"category","embeddable":true,"href":"https:\/\/www.lagota.ch\/index.php?rest_route=%2Fwp%2Fv2%2Fcategories&post=3799"},{"taxonomy":"post_tag","embeddable":true,"href":"https:\/\/www.lagota.ch\/index.php?rest_route=%2Fwp%2Fv2%2Ftags&post=3799"}],"curies":[{"name":"wp","href":"https:\/\/api.w.org\/{rel}","templated":true}]}}