{"id":3818,"date":"2022-01-27T12:54:02","date_gmt":"2022-01-27T11:54:02","guid":{"rendered":"https:\/\/www.lagota.ch\/?p=3818"},"modified":"2022-01-27T12:54:02","modified_gmt":"2022-01-27T11:54:02","slug":"antifa-in-die-offensive","status":"publish","type":"post","link":"https:\/\/www.lagota.ch\/?p=3818","title":{"rendered":"Antifa in die Offensive!"},"content":{"rendered":"\n<p><strong>Am Samstag setzten sich die Faschisten von der Jungen Tat an die Spitze der Coronademo in Bern. Dass Rechtsextreme als Spitze einer grossen Demonstration durch eine deutsch-schweizer Innenstadt laufen k\u00f6nnen, ist eine Neuheit. Wir m\u00fcssen das als Signal verstehen, die Strassen gegen den rechten Vormarsch zu verteidigen und die Dynamik der Faschist*innen zu brechen.<\/strong><\/p>\n\n\n\n<figure class=\"wp-block-image size-full\"><a href=\"https:\/\/www.lagota.ch\/wp-content\/uploads\/schluss.png\"><img loading=\"lazy\" decoding=\"async\" width=\"1000\" height=\"659\" src=\"https:\/\/www.lagota.ch\/wp-content\/uploads\/schluss.png\" alt=\"\" class=\"wp-image-3820\" srcset=\"https:\/\/www.lagota.ch\/wp-content\/uploads\/schluss.png 1000w, https:\/\/www.lagota.ch\/wp-content\/uploads\/schluss-300x198.png 300w, https:\/\/www.lagota.ch\/wp-content\/uploads\/schluss-768x506.png 768w\" sizes=\"auto, (max-width: 1000px) 100vw, 1000px\" \/><\/a><\/figure>\n\n\n\n<p>Rechtsextreme Strukturen sind seit langem in den Coronademos involviert. Und genauso lange haben antifaschistische Recherchegruppen darauf hingewiesen. Die Junge Tat beispielsweise agierte seit Monaten als Teil der Sicherheitsstruktur der Coronademos und koordinierte sich dabei auch mit Massvoll. Nazis nahmen kontinuierlich an den Demos teil, machten ihre Propaganda und integrierten sich in die Organisationsstrukturen.<br>Fr\u00fch haben sie erkannt, dass die Coronademos ein fruchtbarer Boden f\u00fcr sie ist. Es war nur eine Frage der Zeit, bis aus dem mehr oder weniger verdeckten agitieren, ein F\u00fchrungsanspruch entsteht. Was in Bern am Samstag passierte, fand in exakt gleicher Form zuvor in anderen europ\u00e4ischen St\u00e4dten statt. Es ist klar zu sehen: Neonazis und sogenannte \u201eIdentit\u00e4re\u201c haben in den letzten Monaten eine gef\u00e4hrliche Dynamik entwickelt. Sie bringen ihre Vernetzung auf ein neues Niveau und es gelingt ihnen sich der diffusen Anti-Massnahmenbewegung als entschlossene Spitze aufzusetzen.<br>Diese Erfolgsmomente von faschistischen Gruppen bedeuten, dass sie noch mehr Zulauf haben und nach weiteren solchen Momenten streben werden. Besonders gef\u00e4hrlich dabei ist, dass es im Kontext eines allgemeinen gesellschaftlichen Rechtsruckes stattfindet. Ein Grund f\u00fcr dieses Erstarken ist auch die Passivit\u00e4t von links. In einer massiven, vielschichtigen Krise ist es bisher kaum gelungen, revolution\u00e4re linke Perspektiven auf die Tagesordnung zu setzen. Das m\u00fcssen wir \u00e4ndern!<br>Bringt euch in die Mobilisierung ein! Wir brauchen jetzt eine starke antifaschistische Bewegung!\u00a0<br><br>Quelle: <a href=\"https:\/\/baselnazifrei.info\/blog\/antifa-in-die-offensive\">https:\/\/baselnazifrei.info\/blog\/antifa-in-die-offensive<\/a><\/p>\n","protected":false},"excerpt":{"rendered":"<p>Am Samstag setzten sich die Faschisten von der Jungen Tat an die Spitze der Coronademo in Bern. Dass Rechtsextreme als Spitze einer grossen Demonstration durch eine deutsch-schweizer Innenstadt laufen k\u00f6nnen, ist eine Neuheit. Wir m\u00fcssen das als Signal verstehen, die &hellip; <a href=\"https:\/\/www.lagota.ch\/?p=3818\">Continue reading <span class=\"meta-nav\">&rarr;<\/span><\/a><\/p>\n","protected":false},"author":1,"featured_media":0,"comment_status":"closed","ping_status":"open","sticky":false,"template":"","format":"standard","meta":{"footnotes":""},"categories":[13,328,1214,16],"tags":[102,1263,173,1360,68],"class_list":["post-3818","post","type-post","status-publish","format-standard","hentry","category-antifa","category-antira","category-corona","category-schweiz","tag-bern","tag-junge-tat","tag-neonazis","tag-rechtsruck","tag-widerstand"],"_links":{"self":[{"href":"https:\/\/www.lagota.ch\/index.php?rest_route=\/wp\/v2\/posts\/3818","targetHints":{"allow":["GET"]}}],"collection":[{"href":"https:\/\/www.lagota.ch\/index.php?rest_route=\/wp\/v2\/posts"}],"about":[{"href":"https:\/\/www.lagota.ch\/index.php?rest_route=\/wp\/v2\/types\/post"}],"author":[{"embeddable":true,"href":"https:\/\/www.lagota.ch\/index.php?rest_route=\/wp\/v2\/users\/1"}],"replies":[{"embeddable":true,"href":"https:\/\/www.lagota.ch\/index.php?rest_route=%2Fwp%2Fv2%2Fcomments&post=3818"}],"version-history":[{"count":1,"href":"https:\/\/www.lagota.ch\/index.php?rest_route=\/wp\/v2\/posts\/3818\/revisions"}],"predecessor-version":[{"id":3821,"href":"https:\/\/www.lagota.ch\/index.php?rest_route=\/wp\/v2\/posts\/3818\/revisions\/3821"}],"wp:attachment":[{"href":"https:\/\/www.lagota.ch\/index.php?rest_route=%2Fwp%2Fv2%2Fmedia&parent=3818"}],"wp:term":[{"taxonomy":"category","embeddable":true,"href":"https:\/\/www.lagota.ch\/index.php?rest_route=%2Fwp%2Fv2%2Fcategories&post=3818"},{"taxonomy":"post_tag","embeddable":true,"href":"https:\/\/www.lagota.ch\/index.php?rest_route=%2Fwp%2Fv2%2Ftags&post=3818"}],"curies":[{"name":"wp","href":"https:\/\/api.w.org\/{rel}","templated":true}]}}