{"id":3822,"date":"2022-02-02T11:49:29","date_gmt":"2022-02-02T10:49:29","guid":{"rendered":"https:\/\/www.lagota.ch\/?p=3822"},"modified":"2022-02-02T11:49:29","modified_gmt":"2022-02-02T10:49:29","slug":"jetzt-ist-schluss-kein-nazi-aufmarsch-in-st-gallen","status":"publish","type":"post","link":"https:\/\/www.lagota.ch\/?p=3822","title":{"rendered":"Jetzt ist Schluss! Kein Nazi Aufmarsch in St. Gallen"},"content":{"rendered":"\n<p><strong>Kein Fussbreit dem Faschismus! Nicht in St. Gallen und auch sonst nirgends. Wir sehen uns auf der Strasse! Am 05.02.22 mobilisieren wir zu einer antifaschtischen Gegenkundgebung nach St. Gallen! Kommt bunt, laut und bringt eure Freund*innen mit.<\/strong><br><br><\/p>\n\n\n\n<figure class=\"wp-block-image size-large\"><a href=\"https:\/\/www.lagota.ch\/wp-content\/uploads\/af719860-fca3-46c0-9556-744f4f15fd91_cleaned.png\"><img loading=\"lazy\" decoding=\"async\" width=\"1024\" height=\"1024\" src=\"https:\/\/www.lagota.ch\/wp-content\/uploads\/af719860-fca3-46c0-9556-744f4f15fd91_cleaned-1024x1024.png\" alt=\"\" class=\"wp-image-3823\" srcset=\"https:\/\/www.lagota.ch\/wp-content\/uploads\/af719860-fca3-46c0-9556-744f4f15fd91_cleaned-1024x1024.png 1024w, https:\/\/www.lagota.ch\/wp-content\/uploads\/af719860-fca3-46c0-9556-744f4f15fd91_cleaned-300x300.png 300w, https:\/\/www.lagota.ch\/wp-content\/uploads\/af719860-fca3-46c0-9556-744f4f15fd91_cleaned-150x150.png 150w, https:\/\/www.lagota.ch\/wp-content\/uploads\/af719860-fca3-46c0-9556-744f4f15fd91_cleaned-768x768.png 768w, https:\/\/www.lagota.ch\/wp-content\/uploads\/af719860-fca3-46c0-9556-744f4f15fd91_cleaned.png 1080w\" sizes=\"auto, (max-width: 1024px) 100vw, 1024px\" \/><\/a><\/figure>\n\n\n\n<p>Am Samstag, dem 22.01.2022 setzten sich Faschist*innen an die Spitze der coronaleugnenden Demonstration in Bern. Den Coronaleugner*innen fiel nichts besseres ein als ihnen zu folgen. Es handelt sich dabei um die gr\u00f6sste Mobilisierung organisierter Faschist*innen der j\u00fcngeren Geschichte in einer schweizer Stadt. Im Umfeld der nationalistisch und antisemitisch aufgeladenen Stimmung f\u00fchlen sie sich offensichtlich wohl und akzeptiert. Hier finden ihre kruden Theorien n\u00e4hrhaften Boden.<\/p>\n\n\n\n<p>Aus den selben Kreisen, die in Bern die Demonstration angef\u00fchrt haben,wird am 05.02.2022 nach St. Gallen mobilisiert. Nun gilt es f\u00fcr uns Antifaschist*innen zu handeln. Zu lange haben wir zugesehen, wie sich \u00abJunge Tat\u00bb und Konsorten Woche f\u00fcr Woche im \u00f6ffentlichen Raum inszenieren k\u00f6nnen.<\/p>\n","protected":false},"excerpt":{"rendered":"<p>Kein Fussbreit dem Faschismus! Nicht in St. Gallen und auch sonst nirgends. Wir sehen uns auf der Strasse! Am 05.02.22 mobilisieren wir zu einer antifaschtischen Gegenkundgebung nach St. Gallen! Kommt bunt, laut und bringt eure Freund*innen mit. Am Samstag, dem &hellip; <a href=\"https:\/\/www.lagota.ch\/?p=3822\">Continue reading <span class=\"meta-nav\">&rarr;<\/span><\/a><\/p>\n","protected":false},"author":1,"featured_media":0,"comment_status":"closed","ping_status":"open","sticky":false,"template":"","format":"standard","meta":{"footnotes":""},"categories":[13,16,4],"tags":[1149,102,902,1361,1133,68],"class_list":["post-3822","post","type-post","status-publish","format-standard","hentry","category-antifa","category-schweiz","category-veranstaltung","tag-antifa","tag-bern","tag-nazis","tag-no-pasaran","tag-st-gallen","tag-widerstand"],"_links":{"self":[{"href":"https:\/\/www.lagota.ch\/index.php?rest_route=\/wp\/v2\/posts\/3822","targetHints":{"allow":["GET"]}}],"collection":[{"href":"https:\/\/www.lagota.ch\/index.php?rest_route=\/wp\/v2\/posts"}],"about":[{"href":"https:\/\/www.lagota.ch\/index.php?rest_route=\/wp\/v2\/types\/post"}],"author":[{"embeddable":true,"href":"https:\/\/www.lagota.ch\/index.php?rest_route=\/wp\/v2\/users\/1"}],"replies":[{"embeddable":true,"href":"https:\/\/www.lagota.ch\/index.php?rest_route=%2Fwp%2Fv2%2Fcomments&post=3822"}],"version-history":[{"count":1,"href":"https:\/\/www.lagota.ch\/index.php?rest_route=\/wp\/v2\/posts\/3822\/revisions"}],"predecessor-version":[{"id":3824,"href":"https:\/\/www.lagota.ch\/index.php?rest_route=\/wp\/v2\/posts\/3822\/revisions\/3824"}],"wp:attachment":[{"href":"https:\/\/www.lagota.ch\/index.php?rest_route=%2Fwp%2Fv2%2Fmedia&parent=3822"}],"wp:term":[{"taxonomy":"category","embeddable":true,"href":"https:\/\/www.lagota.ch\/index.php?rest_route=%2Fwp%2Fv2%2Fcategories&post=3822"},{"taxonomy":"post_tag","embeddable":true,"href":"https:\/\/www.lagota.ch\/index.php?rest_route=%2Fwp%2Fv2%2Ftags&post=3822"}],"curies":[{"name":"wp","href":"https:\/\/api.w.org\/{rel}","templated":true}]}}