{"id":3860,"date":"2022-04-08T09:32:25","date_gmt":"2022-04-08T08:32:25","guid":{"rendered":"https:\/\/www.lagota.ch\/?p=3860"},"modified":"2022-04-08T09:32:25","modified_gmt":"2022-04-08T08:32:25","slug":"nofrontex-demo-23-4-22-1400-schutzenmatte-bern","status":"publish","type":"post","link":"https:\/\/www.lagota.ch\/?p=3860","title":{"rendered":"NoFrontex-Demo | 23.4.22 | 14:00 | Sch\u00fctzenmatte Bern|"},"content":{"rendered":"\n<figure class=\"wp-block-image size-large\"><a href=\"https:\/\/www.lagota.ch\/wp-content\/uploads\/signal-2022-04-06-165626_001.jpeg\"><img loading=\"lazy\" decoding=\"async\" width=\"722\" height=\"1024\" src=\"https:\/\/www.lagota.ch\/wp-content\/uploads\/signal-2022-04-06-165626_001-722x1024.jpeg\" alt=\"\" class=\"wp-image-3861\" srcset=\"https:\/\/www.lagota.ch\/wp-content\/uploads\/signal-2022-04-06-165626_001-722x1024.jpeg 722w, https:\/\/www.lagota.ch\/wp-content\/uploads\/signal-2022-04-06-165626_001-211x300.jpeg 211w, https:\/\/www.lagota.ch\/wp-content\/uploads\/signal-2022-04-06-165626_001-768x1090.jpeg 768w, https:\/\/www.lagota.ch\/wp-content\/uploads\/signal-2022-04-06-165626_001.jpeg 874w\" sizes=\"auto, (max-width: 722px) 100vw, 722px\" \/><\/a><\/figure>\n\n\n\n<h4 class=\"wp-block-heading\"><a href=\"https:\/\/migrant-solidarity-network.ch\/2022\/04\/06\/nofrontex-demo-23-4-22-1400-schuetzenmatte-bern\/?fbclid=IwAR3AwJY5jtZhalWQ5RA5B4Tc2bG7w92m6HWYTAZincOSnK6HFn9hEelLZqE#deutsch\">NEIN zu Frontex am 15. Mai und dar\u00fcber hinaus. JA zur Bewegungsfreiheit f\u00fcr alle. NEIN zu rassistischer Ungleichbehandlung. JA zu grenzenloser Solidarit\u00e4t!<\/a><\/h4>\n\n\n\n<h4 class=\"wp-block-heading\"><a href=\"https:\/\/migrant-solidarity-network.ch\/2022\/04\/06\/nofrontex-demo-23-4-22-1400-schuetzenmatte-bern\/?fbclid=IwAR3AwJY5jtZhalWQ5RA5B4Tc2bG7w92m6HWYTAZincOSnK6HFn9hEelLZqE#fran\u00e7ais\">Non \u00e0 Frontex le 15 mai. Oui \u00e0 la libert\u00e9 de mouvement pour tou.te.s. Non \u00e0 l\u2019in\u00e9galit\u00e9 de traitement raciste. Oui \u00e0 une solidarit\u00e9 sans fronti\u00e8res!<\/a><\/h4>\n\n\n\n<h4 class=\"wp-block-heading\"><a href=\"https:\/\/migrant-solidarity-network.ch\/2022\/04\/06\/nofrontex-demo-23-4-22-1400-schuetzenmatte-bern\/?fbclid=IwAR3AwJY5jtZhalWQ5RA5B4Tc2bG7w92m6HWYTAZincOSnK6HFn9hEelLZqE#Arabic\">\u062a\u0636\u0627\u0645\u0646 \u063a\u064a\u0631 \u0645\u062d\u062f\u0648\u062f \u0648\u062d\u0631\u064a\u0629 \u062a\u0646\u0642\u0644 \u0644\u0644\u062c\u0645\u064a\u0639!<\/a><\/h4>\n\n\n\n<h4 class=\"wp-block-heading\">&nbsp;\u0647\u0645\u0628\u0633\u062a\u06af\u06cc \u0646\u0627\u0645\u062d\u062f\u0648\u062f \u0648 \u0622\u0632\u0627\u062f\u06cc \u062d\u0631\u06a9\u062a \u0628\u0631\u0627\u06cc \u0647\u0645\u0647!<\/h4>\n\n\n\n<h4 class=\"wp-block-heading\">Herkes i\u00e7in s\u0131n\u0131rs\u0131z Dayan\u0131\u015fma ve Hareket \u00f6zg\u00fcrl\u00fc\u011f\u00fc!<\/h4>\n\n\n\n<h4 class=\"wp-block-heading\">Pi\u015fgir\u00eeya b\u00eas\u00eenor u azad\u00eeya tevgerin ji bo her kes\u00ee!<\/h4>\n\n\n\n<h4 class=\"wp-block-heading\">\u12f0\u1228\u1275 \u12d8\u12ed\u1265\u1209 \u1213\u12f5\u1290\u1275\u1295 \u1293\u12ed \u121d\u1295\u1245\u1235\u1253\u1235 \u1293\u133d\u1290\u1275\u1295!<\/h4>\n\n\n\n<h4 class=\"wp-block-heading\"><a href=\"https:\/\/migrant-solidarity-network.ch\/2022\/04\/06\/nofrontex-demo-23-4-22-1400-schuetzenmatte-bern\/?fbclid=IwAR3AwJY5jtZhalWQ5RA5B4Tc2bG7w92m6HWYTAZincOSnK6HFn9hEelLZqE#English\">No to Frontex on May 15th. Yes to freedom of movement for all. No to racist unequal treatment. Yes to borderless solidarity!<\/a><\/h4>\n\n\n\n<h4 class=\"wp-block-heading\">No a Frontex il 15 maggio. S\u00ec alla libert\u00e0 di movimento per tutti. No alla disparit\u00e0 di trattamento razzista. S\u00ec alla solidariet\u00e0 senza frontiere!<\/h4>\n","protected":false},"excerpt":{"rendered":"<p>NEIN zu Frontex am 15. Mai und dar\u00fcber hinaus. JA zur Bewegungsfreiheit f\u00fcr alle. NEIN zu rassistischer Ungleichbehandlung. JA zu grenzenloser Solidarit\u00e4t! Non \u00e0 Frontex le 15 mai. Oui \u00e0 la libert\u00e9 de mouvement pour tou.te.s. Non \u00e0 l\u2019in\u00e9galit\u00e9 de &hellip; <a href=\"https:\/\/www.lagota.ch\/?p=3860\">Continue reading <span class=\"meta-nav\">&rarr;<\/span><\/a><\/p>\n","protected":false},"author":1,"featured_media":0,"comment_status":"closed","ping_status":"open","sticky":false,"template":"","format":"standard","meta":{"footnotes":""},"categories":[13,328,406,16,4],"tags":[102,1373,66,798,30],"class_list":["post-3860","post","type-post","status-publish","format-standard","hentry","category-antifa","category-antira","category-migration","category-schweiz","category-veranstaltung","tag-bern","tag-bewegungsfreiheit","tag-demo","tag-frontex","tag-solidaritat"],"_links":{"self":[{"href":"https:\/\/www.lagota.ch\/index.php?rest_route=\/wp\/v2\/posts\/3860","targetHints":{"allow":["GET"]}}],"collection":[{"href":"https:\/\/www.lagota.ch\/index.php?rest_route=\/wp\/v2\/posts"}],"about":[{"href":"https:\/\/www.lagota.ch\/index.php?rest_route=\/wp\/v2\/types\/post"}],"author":[{"embeddable":true,"href":"https:\/\/www.lagota.ch\/index.php?rest_route=\/wp\/v2\/users\/1"}],"replies":[{"embeddable":true,"href":"https:\/\/www.lagota.ch\/index.php?rest_route=%2Fwp%2Fv2%2Fcomments&post=3860"}],"version-history":[{"count":1,"href":"https:\/\/www.lagota.ch\/index.php?rest_route=\/wp\/v2\/posts\/3860\/revisions"}],"predecessor-version":[{"id":3862,"href":"https:\/\/www.lagota.ch\/index.php?rest_route=\/wp\/v2\/posts\/3860\/revisions\/3862"}],"wp:attachment":[{"href":"https:\/\/www.lagota.ch\/index.php?rest_route=%2Fwp%2Fv2%2Fmedia&parent=3860"}],"wp:term":[{"taxonomy":"category","embeddable":true,"href":"https:\/\/www.lagota.ch\/index.php?rest_route=%2Fwp%2Fv2%2Fcategories&post=3860"},{"taxonomy":"post_tag","embeddable":true,"href":"https:\/\/www.lagota.ch\/index.php?rest_route=%2Fwp%2Fv2%2Ftags&post=3860"}],"curies":[{"name":"wp","href":"https:\/\/api.w.org\/{rel}","templated":true}]}}