{"id":3869,"date":"2022-05-13T16:11:00","date_gmt":"2022-05-13T15:11:00","guid":{"rendered":"https:\/\/www.lagota.ch\/?p=3869"},"modified":"2022-05-13T16:11:00","modified_gmt":"2022-05-13T15:11:00","slug":"antifa-rally-demo-28-05-22-14h-bahnhofsplatz-bern","status":"publish","type":"post","link":"https:\/\/www.lagota.ch\/?p=3869","title":{"rendered":"Antifa Rally Demo 28.05.22 14h Bahnhofsplatz Bern"},"content":{"rendered":"\n<p><\/p>\n\n\n\n<figure class=\"wp-block-image size-full\"><a href=\"https:\/\/www.lagota.ch\/wp-content\/uploads\/arton5175.jpg\"><img loading=\"lazy\" decoding=\"async\" width=\"710\" height=\"398\" src=\"https:\/\/www.lagota.ch\/wp-content\/uploads\/arton5175.jpg\" alt=\"\" class=\"wp-image-3870\" srcset=\"https:\/\/www.lagota.ch\/wp-content\/uploads\/arton5175.jpg 710w, https:\/\/www.lagota.ch\/wp-content\/uploads\/arton5175-300x168.jpg 300w\" sizes=\"auto, (max-width: 710px) 100vw, 710px\" \/><\/a><\/figure>\n\n\n\n<p>In den letzten Jahren sind faschistische Gedanken und Gruppen wieder erstarkt.<\/p>\n\n\n\n<p>Bek\u00e4mpfen wir faschistische, nationalsozialistische und verschw\u00f6hrungserz\u00e4hlende Ideologien mit einer antikapitalistischen &amp; \u00f6kologischen Perspektive, frei von jeglichen Diskriminierungen!<\/p>\n\n\n\n<p>Gehen wir am 28.05. gemeinsam auf die Strasse!<\/p>\n\n\n\n<p>Kommt zahlreich und bildet Bezugsgruppen!<\/p>\n\n\n\n<p>K\u00e4mpfe m\u00fcssen gemeinsam sein &#8211; Antifa geht nicht allein!<\/p>\n","protected":false},"excerpt":{"rendered":"<p>In den letzten Jahren sind faschistische Gedanken und Gruppen wieder erstarkt. Bek\u00e4mpfen wir faschistische, nationalsozialistische und verschw\u00f6hrungserz\u00e4hlende Ideologien mit einer antikapitalistischen &amp; \u00f6kologischen Perspektive, frei von jeglichen Diskriminierungen! Gehen wir am 28.05. gemeinsam auf die Strasse! Kommt zahlreich und bildet &hellip; <a href=\"https:\/\/www.lagota.ch\/?p=3869\">Continue reading <span class=\"meta-nav\">&rarr;<\/span><\/a><\/p>\n","protected":false},"author":1,"featured_media":0,"comment_status":"closed","ping_status":"open","sticky":false,"template":"","format":"standard","meta":{"footnotes":""},"categories":[13,328,16,4],"tags":[1149,155,102,66],"class_list":["post-3869","post","type-post","status-publish","format-standard","hentry","category-antifa","category-antira","category-schweiz","category-veranstaltung","tag-antifa","tag-antikapitalismus","tag-bern","tag-demo"],"_links":{"self":[{"href":"https:\/\/www.lagota.ch\/index.php?rest_route=\/wp\/v2\/posts\/3869","targetHints":{"allow":["GET"]}}],"collection":[{"href":"https:\/\/www.lagota.ch\/index.php?rest_route=\/wp\/v2\/posts"}],"about":[{"href":"https:\/\/www.lagota.ch\/index.php?rest_route=\/wp\/v2\/types\/post"}],"author":[{"embeddable":true,"href":"https:\/\/www.lagota.ch\/index.php?rest_route=\/wp\/v2\/users\/1"}],"replies":[{"embeddable":true,"href":"https:\/\/www.lagota.ch\/index.php?rest_route=%2Fwp%2Fv2%2Fcomments&post=3869"}],"version-history":[{"count":1,"href":"https:\/\/www.lagota.ch\/index.php?rest_route=\/wp\/v2\/posts\/3869\/revisions"}],"predecessor-version":[{"id":3871,"href":"https:\/\/www.lagota.ch\/index.php?rest_route=\/wp\/v2\/posts\/3869\/revisions\/3871"}],"wp:attachment":[{"href":"https:\/\/www.lagota.ch\/index.php?rest_route=%2Fwp%2Fv2%2Fmedia&parent=3869"}],"wp:term":[{"taxonomy":"category","embeddable":true,"href":"https:\/\/www.lagota.ch\/index.php?rest_route=%2Fwp%2Fv2%2Fcategories&post=3869"},{"taxonomy":"post_tag","embeddable":true,"href":"https:\/\/www.lagota.ch\/index.php?rest_route=%2Fwp%2Fv2%2Ftags&post=3869"}],"curies":[{"name":"wp","href":"https:\/\/api.w.org\/{rel}","templated":true}]}}