{"id":3880,"date":"2022-06-13T10:54:38","date_gmt":"2022-06-13T09:54:38","guid":{"rendered":"https:\/\/www.lagota.ch\/?p=3880"},"modified":"2022-06-13T10:54:38","modified_gmt":"2022-06-13T09:54:38","slug":"feministischer-streik-luzern-2022","status":"publish","type":"post","link":"https:\/\/www.lagota.ch\/?p=3880","title":{"rendered":"Feministischer Streik Luzern 2022"},"content":{"rendered":"\n<p>Feministischer Streik 2022<br>K\u00e4mpfe verbinden \u2013 Patriarchat \u00fcberwinden!<\/p>\n\n\n\n<figure class=\"wp-block-image size-large\"><a href=\"https:\/\/www.lagota.ch\/wp-content\/uploads\/284379263_1407685279657422_6346226441464568148_n.jpg\"><img loading=\"lazy\" decoding=\"async\" width=\"1024\" height=\"683\" src=\"https:\/\/www.lagota.ch\/wp-content\/uploads\/284379263_1407685279657422_6346226441464568148_n-1024x683.jpg\" alt=\"\" class=\"wp-image-3881\" srcset=\"https:\/\/www.lagota.ch\/wp-content\/uploads\/284379263_1407685279657422_6346226441464568148_n-1024x683.jpg 1024w, https:\/\/www.lagota.ch\/wp-content\/uploads\/284379263_1407685279657422_6346226441464568148_n-300x200.jpg 300w, https:\/\/www.lagota.ch\/wp-content\/uploads\/284379263_1407685279657422_6346226441464568148_n-768x512.jpg 768w, https:\/\/www.lagota.ch\/wp-content\/uploads\/284379263_1407685279657422_6346226441464568148_n-1536x1024.jpg 1536w, https:\/\/www.lagota.ch\/wp-content\/uploads\/284379263_1407685279657422_6346226441464568148_n.jpg 2048w\" sizes=\"auto, (max-width: 1024px) 100vw, 1024px\" \/><\/a><\/figure>\n\n\n\n<p>Auch im Jahr 2022 wird weltweit die Selbstbestimmung von FLINTA-Personen*(Frauen, Lesben, intersexuelle, nicht-bin\u00e4re, trans und agender) angegriffen. Kaum ist die Abtreibung in Kolumbien legalisiert, will mensch diese Freiheit in der Schweiz einschr\u00e4nken; in den USA gar ganz verbieten. Der Krieg in der Ukraine f\u00fchrt uns vor Augen, wie schnell Menschen schutzlos ausgeliefert sein k\u00f6nnen. FLINTA-Personen* sind in Kriegszeiten besonders gef\u00e4hrdet: sexuelle Ausbeutung, Menschenhandel und Gewalt sind eine st\u00e4ndige Gefahr auf den Fluchtrouten.<\/p>\n\n\n\n<p>Am 14. Juni wollen wir all unsere K\u00e4mpfe verbinden und gemeinsam auf die Strasse tragen. Denn noch immer k\u00e4mpfen wir gegen die Zerst\u00f6rung des Klimas, prek\u00e4re Arbeitsverh\u00e4ltnisse, Notstand in der Pflege, Lohnungleichheit, allt\u00e4glicher Sexismus und sexualisierte Gewalt, Rassismus, Homo- und Transfeindlichkeit oder die ungleich verteilte Care-Arbeit \u2013 kurz wir k\u00e4mpfen gegen den Kapitalismus und das Patriarchat.<\/p>\n\n\n\n<p>Die feministische Bewegung lebt von uns allen \u2013 komm vorbei am 14. Juni!<\/p>\n\n\n\n<p>PROGRAMM<\/p>\n\n\n\n<p>9:30 \u2013 11:00<br>Feministisches Fr\u00fchst\u00fcck (nimm dein eigenes Fr\u00fchst\u00fcck mit) + Live Siebdruck, Voli\u00e8re<\/p>\n\n\n\n<p>11:00 \u2013 15:00<br>Pause<\/p>\n\n\n\n<p>15:00 \u2013 18:00<br>Startschuss, Theaterplatz<br>Reden, Konzerte, Essen und St\u00e4nde von Organisationen<\/p>\n\n\n\n<p>18:00<br>Besammlung Demo, Theaterplatz<\/p>\n\n\n\n<p>frauenstreikluzern@gmail.com \/ frauenstreikluzern.ch<br>Insta : @feministischerstreik.luzern<\/p>\n","protected":false},"excerpt":{"rendered":"<p>Feministischer Streik 2022K\u00e4mpfe verbinden \u2013 Patriarchat \u00fcberwinden! Auch im Jahr 2022 wird weltweit die Selbstbestimmung von FLINTA-Personen*(Frauen, Lesben, intersexuelle, nicht-bin\u00e4re, trans und agender) angegriffen. Kaum ist die Abtreibung in Kolumbien legalisiert, will mensch diese Freiheit in der Schweiz einschr\u00e4nken; in &hellip; <a href=\"https:\/\/www.lagota.ch\/?p=3880\">Continue reading <span class=\"meta-nav\">&rarr;<\/span><\/a><\/p>\n","protected":false},"author":1,"featured_media":0,"comment_status":"closed","ping_status":"open","sticky":false,"template":"","format":"standard","meta":{"footnotes":""},"categories":[242,11,4],"tags":[1157,1384,1006],"class_list":["post-3880","post","type-post","status-publish","format-standard","hentry","category-emanzipation","category-luzern","category-veranstaltung","tag-emanzipation","tag-feministischer-streik-luzern","tag-selbstbestimmung"],"_links":{"self":[{"href":"https:\/\/www.lagota.ch\/index.php?rest_route=\/wp\/v2\/posts\/3880","targetHints":{"allow":["GET"]}}],"collection":[{"href":"https:\/\/www.lagota.ch\/index.php?rest_route=\/wp\/v2\/posts"}],"about":[{"href":"https:\/\/www.lagota.ch\/index.php?rest_route=\/wp\/v2\/types\/post"}],"author":[{"embeddable":true,"href":"https:\/\/www.lagota.ch\/index.php?rest_route=\/wp\/v2\/users\/1"}],"replies":[{"embeddable":true,"href":"https:\/\/www.lagota.ch\/index.php?rest_route=%2Fwp%2Fv2%2Fcomments&post=3880"}],"version-history":[{"count":1,"href":"https:\/\/www.lagota.ch\/index.php?rest_route=\/wp\/v2\/posts\/3880\/revisions"}],"predecessor-version":[{"id":3882,"href":"https:\/\/www.lagota.ch\/index.php?rest_route=\/wp\/v2\/posts\/3880\/revisions\/3882"}],"wp:attachment":[{"href":"https:\/\/www.lagota.ch\/index.php?rest_route=%2Fwp%2Fv2%2Fmedia&parent=3880"}],"wp:term":[{"taxonomy":"category","embeddable":true,"href":"https:\/\/www.lagota.ch\/index.php?rest_route=%2Fwp%2Fv2%2Fcategories&post=3880"},{"taxonomy":"post_tag","embeddable":true,"href":"https:\/\/www.lagota.ch\/index.php?rest_route=%2Fwp%2Fv2%2Ftags&post=3880"}],"curies":[{"name":"wp","href":"https:\/\/api.w.org\/{rel}","templated":true}]}}