{"id":3887,"date":"2022-06-22T09:37:15","date_gmt":"2022-06-22T08:37:15","guid":{"rendered":"https:\/\/www.lagota.ch\/?p=3887"},"modified":"2022-06-22T09:37:15","modified_gmt":"2022-06-22T08:37:15","slug":"wohnen-statt-profit","status":"publish","type":"post","link":"https:\/\/www.lagota.ch\/?p=3887","title":{"rendered":"Wohnen statt Profit!"},"content":{"rendered":"\n<p><strong>Im Zentrum der Stadt Luzern wurde das Haus in der Bruchstrasse 64 am Dienstag, 21. Juni 2022 besetzt!<br>Der seit zweieinhalb Jahren andauernde Leerstand des Hauses vermehrt den Reichtum derer, die bereits mehr als genug haben, w\u00e4hrend Mieter*innen durch immer h\u00f6here Mieten und Wohnungsknappheit aus der Stadt verdr\u00e4ngt werden. Wir Besetzer*innen fordern: Luzern soll nicht von den Reichen geformt werden. Luzern geh\u00f6rt denen, die darin wohnen, arbeiten, leben; denen, die Luzern beleben.<\/strong><\/p>\n\n\n\n<figure class=\"wp-block-image size-full\"><a href=\"https:\/\/www.lagota.ch\/wp-content\/uploads\/arton5236.png\"><img loading=\"lazy\" decoding=\"async\" width=\"710\" height=\"398\" src=\"https:\/\/www.lagota.ch\/wp-content\/uploads\/arton5236.png\" alt=\"\" class=\"wp-image-3888\" srcset=\"https:\/\/www.lagota.ch\/wp-content\/uploads\/arton5236.png 710w, https:\/\/www.lagota.ch\/wp-content\/uploads\/arton5236-300x168.png 300w\" sizes=\"auto, (max-width: 710px) 100vw, 710px\" \/><\/a><\/figure>\n\n\n\n<p>WOHNEN STATT PROFIT!<\/p>\n\n\n\n<p>Seit zweienhalb Jahren steht das Haus an der Bruchstrasse 64 leer. Den Menschen, die darin wohnten, wurde gek\u00fcndigt, weil es totalsaniert werden sollte. Saniert wurde es nie, daf\u00fcr zwei mal weiterverkauft. Zuletzt an die Firma Corgi Real Estate, dessen Pr\u00e4sident Fritz Burkhard zu einer der 60 reichsten Familien in der Schweiz geh\u00f6rt. Der seit zweienhalb Jahren andauernde Leerstand an der Bruchstrasse 64 vermehrt den Reichtum deren, die bereits mehr als genug haben, w\u00e4hrend Mieter*innen durch hohe Mieten und Wohungsknappheit aus der Stadt verdr\u00e4ngt werden.<\/p>\n\n\n\n<p>WIR WEHREN UNS GEGEN SPEKULATION MIT H\u00c4USERN UND R\u00c4UMEN!<\/p>\n\n\n\n<p>H\u00e4user und R\u00e4ume d\u00fcrfen nicht einfach leer stehen, um zur Vermehrung des Reichtums deren, die sowieso bereits genug haben, genutzt zu werden. Hier k\u00f6nnten Familien mit ihren Kindern leben, die stattdessen wegen zu hohen Preisen aus der Stadt vertrieben wurden. Hier k\u00f6nnten Gefl\u00fcchtete aus der Ukraine, Syrien oder Eritrea leben, die stattdessen in Asyllagern, weit weg vom Zugang zu Bildung, Arbeit, Gesundheitsversorgung leben m\u00fcssen.<\/p>\n\n\n\n<p>Wir k\u00f6nnen und wollen nicht still bleiben, wenn Besitzer*innen ihre Immobilien im Zentrum der Stadt leerstehen lassen, w\u00e4hrend andere aus dem Zentrum vertrieben wurden, drei Jobs haben um eine viel zu kleine Wohnung in der Aglo stemmen zu k\u00f6nnen.<\/p>\n\n\n\n<p>DIE H\u00c4USER GEH\u00d6REN DENEN, DIE SIE BELEBEN!<\/p>\n\n\n\n<p>WOHNEN DARF NIEMALS PRIVILEG SEIN, WOHNEN IST EIN GRUNDRECHT!<\/p>\n\n\n\n<p>WIR BEHARREN AUF DAS RECHT AUF STADT!<\/p>\n\n\n\n<p>KEIN PROFIT MIT WOHNRAUM!<\/p>\n\n\n\n<p>WOHNEN STATT PROFIT!<\/p>\n\n\n\n<p>Die Stadt soll nicht von den Reichen geformt werden. Luzern geh\u00f6rt denen, die darin wohnen, arbeiten, leben. Luzern geh\u00f6rt denen, die es beleben. Dies sind auch die Unkaufkr\u00e4ftigen, die Einflussarmen, die politisch Ungeh\u00f6rten und Unvertretenen und die Ausgegrenzten!<\/p>\n\n\n\n<p>Das Recht auf Zentralit\u00e4t ist die Freiheit f\u00fcr alle, sich durch den gesamten st\u00e4dtischen Raum zu bewegen, ihn zu nutzen, in ihm zu spielen, sich zu begegnen, sich auszutauschen. Es geht um mehr als einen Schlafplatz, eine Arbeitsstelle, einen Eventbesuch oder eine Shoppingtour durch die Einkaufszone. Es geht um den Zugang zur ganzen Palette st\u00e4dtischer M\u00f6glichkeiten und Ressourcen wie Wohnen, Bildung, Einkommen, Gesundheitsversorgung.<\/p>\n\n\n\n<p>Luzern braucht Freir\u00e4ume. Luzern braucht unkommerzielle Austauschorte, R\u00e4ume die mensch selber gestlaten kann, R\u00e4ume f\u00fcr Kreativit\u00e4t. Boa weg, Eichw\u00e4ldli weg; LUZERN BRAUCHT WIEDER MEHR LEBEN UND LIEBE!<\/p>\n\n\n\n<p>Dies soll ein offener Raum im Zentrum von Luzern sein, um sich zu begegnen, zusammenzuschliessen, zu organisieren, gegenseitig zu inspirieren, zu unterst\u00fctzen, um gemeinsam zu entscheiden was alles darin passieren darf.<\/p>\n\n\n\n<p>Wir besetzen dieses Haus nicht nur um unser eigenens Bed\u00fcrfnis nach g\u00fcnstigem Wohnraum zu befriedigen, viel mehr sehen wir diese Aktion als ein politisches Zeichen. Wir sind in einer priviliegierten Position, in der wir die Ressourcen haben, uns mit solch einem Thema zu besch\u00e4ftigen, uns dagegen zu wehren, zu besetzen \u2013 w\u00e4hrend andere weder Zeit noch Energie dazu haben. Wir wollen nie damit aufh\u00f6ren uns, unser Handeln und unsere Position stetig zu hinterfragen und zu reflektieren.<\/p>\n","protected":false},"excerpt":{"rendered":"<p>Im Zentrum der Stadt Luzern wurde das Haus in der Bruchstrasse 64 am Dienstag, 21. Juni 2022 besetzt!Der seit zweieinhalb Jahren andauernde Leerstand des Hauses vermehrt den Reichtum derer, die bereits mehr als genug haben, w\u00e4hrend Mieter*innen durch immer h\u00f6here &hellip; <a href=\"https:\/\/www.lagota.ch\/?p=3887\">Continue reading <span class=\"meta-nav\">&rarr;<\/span><\/a><\/p>\n","protected":false},"author":1,"featured_media":0,"comment_status":"closed","ping_status":"open","sticky":false,"template":"","format":"standard","meta":{"footnotes":""},"categories":[11,18],"tags":[93,1386,1148,92,1387],"class_list":["post-3887","post","type-post","status-publish","format-standard","hentry","category-luzern","category-squat-the-world","tag-besetzung","tag-bruchstrasse","tag-luzern","tag-squat","tag-wohnen-statt-profit"],"_links":{"self":[{"href":"https:\/\/www.lagota.ch\/index.php?rest_route=\/wp\/v2\/posts\/3887","targetHints":{"allow":["GET"]}}],"collection":[{"href":"https:\/\/www.lagota.ch\/index.php?rest_route=\/wp\/v2\/posts"}],"about":[{"href":"https:\/\/www.lagota.ch\/index.php?rest_route=\/wp\/v2\/types\/post"}],"author":[{"embeddable":true,"href":"https:\/\/www.lagota.ch\/index.php?rest_route=\/wp\/v2\/users\/1"}],"replies":[{"embeddable":true,"href":"https:\/\/www.lagota.ch\/index.php?rest_route=%2Fwp%2Fv2%2Fcomments&post=3887"}],"version-history":[{"count":1,"href":"https:\/\/www.lagota.ch\/index.php?rest_route=\/wp\/v2\/posts\/3887\/revisions"}],"predecessor-version":[{"id":3889,"href":"https:\/\/www.lagota.ch\/index.php?rest_route=\/wp\/v2\/posts\/3887\/revisions\/3889"}],"wp:attachment":[{"href":"https:\/\/www.lagota.ch\/index.php?rest_route=%2Fwp%2Fv2%2Fmedia&parent=3887"}],"wp:term":[{"taxonomy":"category","embeddable":true,"href":"https:\/\/www.lagota.ch\/index.php?rest_route=%2Fwp%2Fv2%2Fcategories&post=3887"},{"taxonomy":"post_tag","embeddable":true,"href":"https:\/\/www.lagota.ch\/index.php?rest_route=%2Fwp%2Fv2%2Ftags&post=3887"}],"curies":[{"name":"wp","href":"https:\/\/api.w.org\/{rel}","templated":true}]}}