{"id":3897,"date":"2022-08-07T11:16:22","date_gmt":"2022-08-07T10:16:22","guid":{"rendered":"https:\/\/www.lagota.ch\/?p=3897"},"modified":"2022-08-07T11:16:22","modified_gmt":"2022-08-07T10:16:22","slug":"infoveranstaltung-justice-for-nzoy","status":"publish","type":"post","link":"https:\/\/www.lagota.ch\/?p=3897","title":{"rendered":"Infoveranstaltung: Justice for Nzoy"},"content":{"rendered":"\n<p><strong>Knapp ein Jahr nach dem rassistischen Polizeimord an Nzoy in Morges (VD) erz\u00e4hlen Angeh\u00f6rige von Nzoy und Mitglieder des B\u00fcndnis Justice for Nzoy\u200b\u200b\u200b\u200b\u200b\u200b\u200b von Nzoy, berichten \u00fcber den Fall und informieren \u00fcber Polizeigewalt und Racial Profiling in der Schweiz.<\/strong><\/p>\n\n\n\n<figure class=\"wp-block-image size-full\"><a href=\"https:\/\/www.lagota.ch\/wp-content\/uploads\/arton5322.png\"><img loading=\"lazy\" decoding=\"async\" width=\"710\" height=\"398\" src=\"https:\/\/www.lagota.ch\/wp-content\/uploads\/arton5322.png\" alt=\"\" class=\"wp-image-3898\" srcset=\"https:\/\/www.lagota.ch\/wp-content\/uploads\/arton5322.png 710w, https:\/\/www.lagota.ch\/wp-content\/uploads\/arton5322-300x168.png 300w\" sizes=\"auto, (max-width: 710px) 100vw, 710px\" \/><\/a><\/figure>\n\n\n\n<p>Gegen Polizeigewalt. Gerechtigkeit f\u00fcr Nzoy.<\/p>\n\n\n\n<p>Infoveranstaltung<\/p>\n\n\n\n<p>17. August | 18:00 | Indu BEIZ | Unterlachenstrasse 33 | Luzern<\/p>\n\n\n\n<p>Rassismus t\u00f6tet &#8211; ganz konkret am 30. August 2021 in Morges (VD). Die Polizei erschoss den 37-j\u00e4hrigen Nzoy aus Z\u00fcrich, ein Mord mit eindeutig rassistischem Hintergrund. Die Beh\u00f6rden sind bis jetzt nicht in der Lage und offenbar auch nicht willens, den Fall aufzukl\u00e4ren.<\/p>\n\n\n\n<p>Am 17. August erz\u00e4hlen Angeh\u00f6rige von Nzoy und Mitglieder des B\u00fcndnis Justice for Nzoy von Nzoy, berichten \u00fcber den Fall und informieren \u00fcber Polizeigewalt und Racial Profiling in der Schweiz.<\/p>\n\n\n\n<p>Anschliessend gibt es in der Indu BEIZ Fluchtsalat.<\/p>\n\n\n\n<p>***<\/p>\n\n\n\n<p>Vormerken: Antirassistische Demo<\/p>\n\n\n\n<p>3. September | 15:30 | Landesmuseum, Z\u00fcrich | (gemeinsame Anreise von Luzern in Planung)<\/p>\n","protected":false},"excerpt":{"rendered":"<p>Knapp ein Jahr nach dem rassistischen Polizeimord an Nzoy in Morges (VD) erz\u00e4hlen Angeh\u00f6rige von Nzoy und Mitglieder des B\u00fcndnis Justice for Nzoy\u200b\u200b\u200b\u200b\u200b\u200b\u200b von Nzoy, berichten \u00fcber den Fall und informieren \u00fcber Polizeigewalt und Racial Profiling in der Schweiz. Gegen &hellip; <a href=\"https:\/\/www.lagota.ch\/?p=3897\">Continue reading <span class=\"meta-nav\">&rarr;<\/span><\/a><\/p>\n","protected":false},"author":1,"featured_media":0,"comment_status":"closed","ping_status":"open","sticky":false,"template":"","format":"standard","meta":{"footnotes":""},"categories":[13,328,49,11,4],"tags":[1148,1389,1390,952,103],"class_list":["post-3897","post","type-post","status-publish","format-standard","hentry","category-antifa","category-antira","category-antirep","category-luzern","category-veranstaltung","tag-luzern","tag-mord","tag-nzoy","tag-racial-profiling","tag-rassismus"],"_links":{"self":[{"href":"https:\/\/www.lagota.ch\/index.php?rest_route=\/wp\/v2\/posts\/3897","targetHints":{"allow":["GET"]}}],"collection":[{"href":"https:\/\/www.lagota.ch\/index.php?rest_route=\/wp\/v2\/posts"}],"about":[{"href":"https:\/\/www.lagota.ch\/index.php?rest_route=\/wp\/v2\/types\/post"}],"author":[{"embeddable":true,"href":"https:\/\/www.lagota.ch\/index.php?rest_route=\/wp\/v2\/users\/1"}],"replies":[{"embeddable":true,"href":"https:\/\/www.lagota.ch\/index.php?rest_route=%2Fwp%2Fv2%2Fcomments&post=3897"}],"version-history":[{"count":1,"href":"https:\/\/www.lagota.ch\/index.php?rest_route=\/wp\/v2\/posts\/3897\/revisions"}],"predecessor-version":[{"id":3899,"href":"https:\/\/www.lagota.ch\/index.php?rest_route=\/wp\/v2\/posts\/3897\/revisions\/3899"}],"wp:attachment":[{"href":"https:\/\/www.lagota.ch\/index.php?rest_route=%2Fwp%2Fv2%2Fmedia&parent=3897"}],"wp:term":[{"taxonomy":"category","embeddable":true,"href":"https:\/\/www.lagota.ch\/index.php?rest_route=%2Fwp%2Fv2%2Fcategories&post=3897"},{"taxonomy":"post_tag","embeddable":true,"href":"https:\/\/www.lagota.ch\/index.php?rest_route=%2Fwp%2Fv2%2Ftags&post=3897"}],"curies":[{"name":"wp","href":"https:\/\/api.w.org\/{rel}","templated":true}]}}