{"id":3900,"date":"2022-08-12T08:21:53","date_gmt":"2022-08-12T07:21:53","guid":{"rendered":"https:\/\/www.lagota.ch\/?p=3900"},"modified":"2022-08-12T08:21:53","modified_gmt":"2022-08-12T07:21:53","slug":"demo-dont-forget-afghanistan","status":"publish","type":"post","link":"https:\/\/www.lagota.ch\/?p=3900","title":{"rendered":"Demo: Don&#8217;t forget Afghanistan"},"content":{"rendered":"\n<p>Ein Jahr ist vergangen seit der Macht\u00fcbernahme der Taliban in Afghanistan. Seit dem R\u00fcckzug der westlichen Armeen stehen Terror, Gewalt und Armut auf der Tagesordnung, 20 Jahre NATO-Milit\u00e4reinsatz in Afghanistan haben Zerst\u00f6rung und Leid hinterlassen. Wir demonstrieren gegen dieses terroristische Regime und f\u00fcr ein sicheres Bleiberecht aller Afghan*innen in der Schweiz. Lass uns gemeinsam gegen diese Zust\u00e4nde eine Stimme erheben!<\/p>\n\n\n\n<figure class=\"wp-block-image size-large\"><a href=\"https:\/\/www.lagota.ch\/wp-content\/uploads\/299116473_370829525221038_8783154597603240636_n.jpg\"><img loading=\"lazy\" decoding=\"async\" width=\"1024\" height=\"537\" src=\"https:\/\/www.lagota.ch\/wp-content\/uploads\/299116473_370829525221038_8783154597603240636_n-1024x537.jpg\" alt=\"\" class=\"wp-image-3901\" srcset=\"https:\/\/www.lagota.ch\/wp-content\/uploads\/299116473_370829525221038_8783154597603240636_n-1024x537.jpg 1024w, https:\/\/www.lagota.ch\/wp-content\/uploads\/299116473_370829525221038_8783154597603240636_n-300x157.jpg 300w, https:\/\/www.lagota.ch\/wp-content\/uploads\/299116473_370829525221038_8783154597603240636_n-768x403.jpg 768w, https:\/\/www.lagota.ch\/wp-content\/uploads\/299116473_370829525221038_8783154597603240636_n.jpg 1440w\" sizes=\"auto, (max-width: 1024px) 100vw, 1024px\" \/><\/a><\/figure>\n\n\n\n<p>18.08.2022, 19.15 Besammlung beim Schwanenplatz (bewilligt), tragt MaKe<\/p>\n","protected":false},"excerpt":{"rendered":"<p>Ein Jahr ist vergangen seit der Macht\u00fcbernahme der Taliban in Afghanistan. Seit dem R\u00fcckzug der westlichen Armeen stehen Terror, Gewalt und Armut auf der Tagesordnung, 20 Jahre NATO-Milit\u00e4reinsatz in Afghanistan haben Zerst\u00f6rung und Leid hinterlassen. Wir demonstrieren gegen dieses terroristische &hellip; <a href=\"https:\/\/www.lagota.ch\/?p=3900\">Continue reading <span class=\"meta-nav\">&rarr;<\/span><\/a><\/p>\n","protected":false},"author":1,"featured_media":0,"comment_status":"closed","ping_status":"open","sticky":false,"template":"","format":"standard","meta":{"footnotes":""},"categories":[1369,10,11,16,4],"tags":[388,1148,400,1314],"class_list":["post-3900","post","type-post","status-publish","format-standard","hentry","category-antiimperialismus","category-aus-aller-welt","category-luzern","category-schweiz","category-veranstaltung","tag-afghanistan","tag-luzern","tag-nato","tag-taliban"],"_links":{"self":[{"href":"https:\/\/www.lagota.ch\/index.php?rest_route=\/wp\/v2\/posts\/3900","targetHints":{"allow":["GET"]}}],"collection":[{"href":"https:\/\/www.lagota.ch\/index.php?rest_route=\/wp\/v2\/posts"}],"about":[{"href":"https:\/\/www.lagota.ch\/index.php?rest_route=\/wp\/v2\/types\/post"}],"author":[{"embeddable":true,"href":"https:\/\/www.lagota.ch\/index.php?rest_route=\/wp\/v2\/users\/1"}],"replies":[{"embeddable":true,"href":"https:\/\/www.lagota.ch\/index.php?rest_route=%2Fwp%2Fv2%2Fcomments&post=3900"}],"version-history":[{"count":1,"href":"https:\/\/www.lagota.ch\/index.php?rest_route=\/wp\/v2\/posts\/3900\/revisions"}],"predecessor-version":[{"id":3902,"href":"https:\/\/www.lagota.ch\/index.php?rest_route=\/wp\/v2\/posts\/3900\/revisions\/3902"}],"wp:attachment":[{"href":"https:\/\/www.lagota.ch\/index.php?rest_route=%2Fwp%2Fv2%2Fmedia&parent=3900"}],"wp:term":[{"taxonomy":"category","embeddable":true,"href":"https:\/\/www.lagota.ch\/index.php?rest_route=%2Fwp%2Fv2%2Fcategories&post=3900"},{"taxonomy":"post_tag","embeddable":true,"href":"https:\/\/www.lagota.ch\/index.php?rest_route=%2Fwp%2Fv2%2Ftags&post=3900"}],"curies":[{"name":"wp","href":"https:\/\/api.w.org\/{rel}","templated":true}]}}