{"id":3905,"date":"2022-08-19T12:59:07","date_gmt":"2022-08-19T11:59:07","guid":{"rendered":"https:\/\/www.lagota.ch\/?p=3905"},"modified":"2022-08-19T12:59:07","modified_gmt":"2022-08-19T11:59:07","slug":"justice4nzoy-antirassistische-demo-3-9-zurich","status":"publish","type":"post","link":"https:\/\/www.lagota.ch\/?p=3905","title":{"rendered":"Justice4Nzoy! Antirassistische Demo 3.9 Z\u00fcrich"},"content":{"rendered":"\n<p><strong>Rassismus t\u00f6tet \u2013 ganz konkret am 30. August 2021 in Morges (VD). Die Polizei erschoss den 37-j\u00e4hrigen Nzoy aus Z\u00fcrich, ein Mord mit eindeutig rassistischem Hintergrund. Die Beh\u00f6rden sind bis jetzt nicht in der Lage und offenbar auch nicht willens, den Fall aufzukl\u00e4ren. Die Angeh\u00f6rigen und wir alle wollen Gerechtigkeit! Tragen wir gemeinsam unsere Betroffenheit und unsere Abscheu vor diesem rassistischen Mord auf die Strasse!<\/strong><\/p>\n\n\n\n<p><strong>Wir fordern Gerechtigkeit f\u00fcr Nzoy! Dem staatlichen Rassismus in all seinen Formen sagen wir den Kampf an. Wir solidarisieren uns mit den Opfern rassistischer Gewalt und mit allen antirassistischen K\u00e4mpfen weltweit! Heraus zur antirassistischen Demonstration am 3. September!<br>Besammlung 15:30 Landesmuseum vis-\u00e0-vis Z\u00fcrich Hauptbahnhof<\/strong><\/p>\n\n\n\n<figure class=\"wp-block-image size-large\"><a href=\"https:\/\/www.lagota.ch\/wp-content\/uploads\/insta_layout_negative_nzoyen.jpg\"><img loading=\"lazy\" decoding=\"async\" width=\"1024\" height=\"1024\" src=\"https:\/\/www.lagota.ch\/wp-content\/uploads\/insta_layout_negative_nzoyen-1024x1024.jpg\" alt=\"\" class=\"wp-image-3906\" srcset=\"https:\/\/www.lagota.ch\/wp-content\/uploads\/insta_layout_negative_nzoyen-1024x1024.jpg 1024w, https:\/\/www.lagota.ch\/wp-content\/uploads\/insta_layout_negative_nzoyen-300x300.jpg 300w, https:\/\/www.lagota.ch\/wp-content\/uploads\/insta_layout_negative_nzoyen-150x150.jpg 150w, https:\/\/www.lagota.ch\/wp-content\/uploads\/insta_layout_negative_nzoyen-768x768.jpg 768w, https:\/\/www.lagota.ch\/wp-content\/uploads\/insta_layout_negative_nzoyen-1536x1536.jpg 1536w, https:\/\/www.lagota.ch\/wp-content\/uploads\/insta_layout_negative_nzoyen.jpg 2048w\" sizes=\"auto, (max-width: 1024px) 100vw, 1024px\" \/><\/a><\/figure>\n\n\n\n<p>Am 30. August 2021 erschoss die Polizei in Morges den 37-J\u00e4hrigen Nzoy aus Z\u00fcrich. Polizei und Staatsanwaltschaft verharmlosen seither den Fall und sabotieren den Kampf der Angeh\u00f6rigen um Aufkl\u00e4rung der Geschehnisse. Die T\u00f6tung und der beh\u00f6rdliche Umgang damit sind typische Beispiele von staatlichem Rassismus. Gerade im Kanton Waadt gibt es inzwischen eine ganze Reihe von \u00e4hnlichen F\u00e4llen.<\/p>\n\n\n\n<p>Rassismus ist kein Randph\u00e4nomen und auch nicht das Problem einzelner Individuen, sondern durchzieht unsere ganze Gesellschaft. People of color erleben in allen Teilen der Welt soziale Abwertung, Repression und rassistische Gewalt. Rassismus erm\u00f6glicht und legitimiert die Ermordung von Gefl\u00fcchteten an den Grenzen Europas sowie koloniale Ausbeutung und ist auch eng mit patriarchaler Unterdr\u00fcckung und kapitalistischer Ausbeutung verbunden.<\/p>\n\n\n\n<p>Der Tod von Nzoy hat breiten Protest ausgel\u00f6st: seine Angeh\u00f6rigen k\u00e4mpfen f\u00fcr eine juristische Aufarbeitung, in Lausanne und Z\u00fcrich gab es Demonstrationen, und mehrere Kampagnen k\u00e4mpfen um mehr \u00d6ffentlichkeit des Falls. Diesen Widerstand tragen wir weiter. Gehen wir am 3. September gemeinsam auf die Strasse gegen Rassismus in all seinen Formen. Unsere Demo findet auch im Namen eines antirassistischen Septembers statt: am 9.\/10. September gibt es im besetzten Kochareal das antifaschistische Festival <a href=\"https:\/\/unite.kochareal.ch\/\">Un!te<\/a>, am 16.\/17. September die antirassistischen Aktionstage <a href=\"https:\/\/aktionstage-enough.ch\/\">Enough<\/a> auf dem ParkPlatz.<\/p>\n\n\n\n<p>Der gemeinsame Kampf gegen Rassismus lohnt sich! Wir fordern Gerechtigkeit f\u00fcr Nzoy! Dem staatlichen Rassismus in all seinen Auspr\u00e4gungen sagen wir den Kampf an. Wir solidarisieren uns mit den Opfern rassistischer Gewalt und mit allen antirassistischen K\u00e4mpfen weltweit!<\/p>\n\n\n\n<p>Nzoy rest in power!<br>Rassismus t\u00f6tet!<br>Gemeinsam gegen Rassismus!<\/p>\n\n\n\n<p>Antirassistische Demonstration 3. September 2022, 15:30 Uhr, Landesmuseum vis-\u00e0-vis Z\u00fcrich Hauptbahnhof<\/p>\n\n\n\n<p>Follow<br><a href=\"https:\/\/www.instagram.com\/justice4nzoy\">@justice4nzoy<\/a> &amp; <a href=\"https:\/\/www.instagram.com\/dans_la_rue_pour_nzoy\">@dans_la_rue_pour_nzoy<\/a><\/p>\n\n\n\n<p>Infoveranstaltung in Luzern: <a href=\"https:\/\/barrikade.info\/event\/1814\">17.08.2022, 18 Uhr Indu BEIZ, Unterlachenstrasse 33<\/a><\/p>\n\n\n\n<p>Soir\u00e9e de soutien \u00e0 Lausanne: 27 Ao\u00fbt, 17-22 heures, Espace Autog\u00e9r\u00e9<\/p>\n\n\n\n<p>Blumenniederlegung und Protest zum Jahrestag in Morges: <a href=\"https:\/\/www.instagram.com\/p\/ChUB47hojnh\">30. August, 19:30 Uhr, Place de la Gare<\/a><\/p>\n\n\n\n<p>Protest vor der Schweizer Botschaft in Berlin: <a href=\"https:\/\/moabitonline.de\/events?event_id=25361&amp;lang=de\">30.08.2022, 16 Uhr, Otto-von-Bismarck-Allee 4a<\/a><\/p>\n\n\n\n<p>Protest vor dem Schweizer Konsulat in Innsbruck: <a href=\"https:\/\/www.instagram.com\/p\/Cgq_O84r846\">01.09.2022, 10 Uhr 4a<\/a><\/p>\n\n\n\n<p>Weitere Veranstaltungen tba<\/p>\n\n\n\n<p>Der Demonstrationsaufruf wird von folgenden Organisationen und Kollektiven unterzeichnet: Stand 18.8.2022, zum Unterzeichnen Mail an oa-zh@immerda.ch<\/p>\n\n\n\n<p>Augenauf, Autonome Schule Z\u00fcrich, Bewegung f\u00fcr den Sozialismus, B\u00fcndnis \u00abWo Unrecht zu Recht wird&#8230;\u00bb, Collectif de la Gr\u00e8ve du Climat Gen\u00e8ve, Collectif Kiboko, Collectif Sud Global, Collectiv Porno Diesel, Aktionstage enough Z\u00fcrich, Feministisches Streikkollektiv Z\u00fcrich, Freie Arbeiter*innen Union Schweiz, Genossenschaftsbeiz Ziegel oh Lac, Groupe Antirep Vaud, Infoladen Kasama, IWW Jura-Alpen-Mittelland, Justice4Nzoy, Kleinbasel Solidarisch, Klimastreik Z\u00fcrich, Kollettiva Jiyan Ticino, Koch Alreal Zureich, Le Silure Gen\u00e8ve, Maison collective de Malagnou Gen\u00e8ve, Migrantifa Basel, No-More-Comittee, Organisierte Autonomie Z\u00fcrich, Partei der Arbeit Z\u00fcrich, radio 40 Lausanne, Radio Lora Z\u00fcrich Info Redaktion, megahex.fm Z\u00fcrich, Red and Anarchist Skinheads (RASH) Z\u00fcrich, Revolution\u00e4rer Aufbau Schweiz, Sosyalist Yeniden Kurulus Partisi (SYKP), Un!te Antifascist Festival Z\u00fcrich, Watch the Med Alarmphone Schweiz<\/p>\n","protected":false},"excerpt":{"rendered":"<p>Rassismus t\u00f6tet \u2013 ganz konkret am 30. August 2021 in Morges (VD). Die Polizei erschoss den 37-j\u00e4hrigen Nzoy aus Z\u00fcrich, ein Mord mit eindeutig rassistischem Hintergrund. Die Beh\u00f6rden sind bis jetzt nicht in der Lage und offenbar auch nicht willens, &hellip; <a href=\"https:\/\/www.lagota.ch\/?p=3905\">Continue reading <span class=\"meta-nav\">&rarr;<\/span><\/a><\/p>\n","protected":false},"author":1,"featured_media":0,"comment_status":"closed","ping_status":"open","sticky":false,"template":"","format":"standard","meta":{"footnotes":""},"categories":[328,49,16],"tags":[1392,1391,1390,579,103,121],"class_list":["post-3905","post","type-post","status-publish","format-standard","hentry","category-antira","category-antirep","category-schweiz","tag-gerechtigkeit","tag-morges","tag-nzoy","tag-polizeigewalt","tag-rassismus","tag-zurich"],"_links":{"self":[{"href":"https:\/\/www.lagota.ch\/index.php?rest_route=\/wp\/v2\/posts\/3905","targetHints":{"allow":["GET"]}}],"collection":[{"href":"https:\/\/www.lagota.ch\/index.php?rest_route=\/wp\/v2\/posts"}],"about":[{"href":"https:\/\/www.lagota.ch\/index.php?rest_route=\/wp\/v2\/types\/post"}],"author":[{"embeddable":true,"href":"https:\/\/www.lagota.ch\/index.php?rest_route=\/wp\/v2\/users\/1"}],"replies":[{"embeddable":true,"href":"https:\/\/www.lagota.ch\/index.php?rest_route=%2Fwp%2Fv2%2Fcomments&post=3905"}],"version-history":[{"count":1,"href":"https:\/\/www.lagota.ch\/index.php?rest_route=\/wp\/v2\/posts\/3905\/revisions"}],"predecessor-version":[{"id":3907,"href":"https:\/\/www.lagota.ch\/index.php?rest_route=\/wp\/v2\/posts\/3905\/revisions\/3907"}],"wp:attachment":[{"href":"https:\/\/www.lagota.ch\/index.php?rest_route=%2Fwp%2Fv2%2Fmedia&parent=3905"}],"wp:term":[{"taxonomy":"category","embeddable":true,"href":"https:\/\/www.lagota.ch\/index.php?rest_route=%2Fwp%2Fv2%2Fcategories&post=3905"},{"taxonomy":"post_tag","embeddable":true,"href":"https:\/\/www.lagota.ch\/index.php?rest_route=%2Fwp%2Fv2%2Ftags&post=3905"}],"curies":[{"name":"wp","href":"https:\/\/api.w.org\/{rel}","templated":true}]}}