{"id":3914,"date":"2022-09-12T08:13:18","date_gmt":"2022-09-12T07:13:18","guid":{"rendered":"https:\/\/www.lagota.ch\/?p=3914"},"modified":"2022-09-12T08:13:18","modified_gmt":"2022-09-12T07:13:18","slug":"infoabend-besuche-in-notunterkunften","status":"publish","type":"post","link":"https:\/\/www.lagota.ch\/?p=3914","title":{"rendered":"Infoabend &#8220;Besuche in Notunterk\u00fcnften&#8221;"},"content":{"rendered":"\n<p><br>In der Schweiz leben illegalisierte Menschen oftmals unter schwierigen Lebenssituationen. Aufgrund von Eingrenzungen, abgelegenen Unterk\u00fcnften, Kontrolle und Repression ist eine Teilnahme am gesellschaftlichen Leben f\u00fcr viele Menschen kaum m\u00f6glich. Diese durch den Staat gewollte und organisierte Isolation ist unmenschlich und falsch!<\/p>\n\n\n\n<figure class=\"wp-block-image size-full\"><a href=\"https:\/\/www.lagota.ch\/wp-content\/uploads\/arton5363.jpg\"><img loading=\"lazy\" decoding=\"async\" width=\"710\" height=\"398\" src=\"https:\/\/www.lagota.ch\/wp-content\/uploads\/arton5363.jpg\" alt=\"\" class=\"wp-image-3915\" srcset=\"https:\/\/www.lagota.ch\/wp-content\/uploads\/arton5363.jpg 710w, https:\/\/www.lagota.ch\/wp-content\/uploads\/arton5363-300x168.jpg 300w\" sizes=\"auto, (max-width: 710px) 100vw, 710px\" \/><\/a><\/figure>\n\n\n\n<p>Wir sind eine Gruppe aus Luzern, die diese Isolation im Kanton Luzern durchbrechen m\u00f6chte. Mit regelm\u00e4ssigen Besuchen in Nothilfeunterk\u00fcnften m\u00f6chten wir Kontakte kn\u00fcpfen und gemeinsam f\u00fcr ein Bleiberecht f\u00fcr alle k\u00e4mpfen. Damit wir w\u00f6chentliche Treffen organisieren k\u00f6nnen, sind wir auf deine Unterst\u00fctzung angewiesen. Wir freuen uns, wenn du an den Infoabend kommst:<\/p>\n\n\n\n<p>12. September | 19:00 Uhr | R\u00e4ZeL, Horwerstrasse 14, Luzern<\/p>\n","protected":false},"excerpt":{"rendered":"<p>In der Schweiz leben illegalisierte Menschen oftmals unter schwierigen Lebenssituationen. Aufgrund von Eingrenzungen, abgelegenen Unterk\u00fcnften, Kontrolle und Repression ist eine Teilnahme am gesellschaftlichen Leben f\u00fcr viele Menschen kaum m\u00f6glich. Diese durch den Staat gewollte und organisierte Isolation ist unmenschlich und &hellip; <a href=\"https:\/\/www.lagota.ch\/?p=3914\">Continue reading <span class=\"meta-nav\">&rarr;<\/span><\/a><\/p>\n","protected":false},"author":1,"featured_media":0,"comment_status":"closed","ping_status":"open","sticky":false,"template":"","format":"standard","meta":{"footnotes":""},"categories":[13,328,11,406,4],"tags":[1398,1399,162,1397,27],"class_list":["post-3914","post","type-post","status-publish","format-standard","hentry","category-antifa","category-antira","category-luzern","category-migration","category-veranstaltung","tag-eingrenzungen","tag-kanton-luzern","tag-kein-mensch-ist-illegal","tag-notunterkunft","tag-repression"],"_links":{"self":[{"href":"https:\/\/www.lagota.ch\/index.php?rest_route=\/wp\/v2\/posts\/3914","targetHints":{"allow":["GET"]}}],"collection":[{"href":"https:\/\/www.lagota.ch\/index.php?rest_route=\/wp\/v2\/posts"}],"about":[{"href":"https:\/\/www.lagota.ch\/index.php?rest_route=\/wp\/v2\/types\/post"}],"author":[{"embeddable":true,"href":"https:\/\/www.lagota.ch\/index.php?rest_route=\/wp\/v2\/users\/1"}],"replies":[{"embeddable":true,"href":"https:\/\/www.lagota.ch\/index.php?rest_route=%2Fwp%2Fv2%2Fcomments&post=3914"}],"version-history":[{"count":1,"href":"https:\/\/www.lagota.ch\/index.php?rest_route=\/wp\/v2\/posts\/3914\/revisions"}],"predecessor-version":[{"id":3916,"href":"https:\/\/www.lagota.ch\/index.php?rest_route=\/wp\/v2\/posts\/3914\/revisions\/3916"}],"wp:attachment":[{"href":"https:\/\/www.lagota.ch\/index.php?rest_route=%2Fwp%2Fv2%2Fmedia&parent=3914"}],"wp:term":[{"taxonomy":"category","embeddable":true,"href":"https:\/\/www.lagota.ch\/index.php?rest_route=%2Fwp%2Fv2%2Fcategories&post=3914"},{"taxonomy":"post_tag","embeddable":true,"href":"https:\/\/www.lagota.ch\/index.php?rest_route=%2Fwp%2Fv2%2Ftags&post=3914"}],"curies":[{"name":"wp","href":"https:\/\/api.w.org\/{rel}","templated":true}]}}