{"id":3925,"date":"2022-09-19T14:18:08","date_gmt":"2022-09-19T13:18:08","guid":{"rendered":"https:\/\/www.lagota.ch\/?p=3925"},"modified":"2022-09-19T14:18:08","modified_gmt":"2022-09-19T13:18:08","slug":"communique-gegendemo-marsch-furs-labe-2","status":"publish","type":"post","link":"https:\/\/www.lagota.ch\/?p=3925","title":{"rendered":"Communiqu\u00e9 Gegendemo &#8220;Marsch f\u00fcrs L\u00e4be&#8221;"},"content":{"rendered":"\n<p><strong>Wir waren auch heute zahlreich, laut und selbstbestimmt in<br>Oerlikon und haben den Marsch durch verschiedene Aktionen erfolgreich<br>gest\u00f6rt.<\/strong><\/p>\n\n\n\n<figure class=\"wp-block-image size-full\"><a href=\"https:\/\/www.lagota.ch\/wp-content\/uploads\/arton5391.jpg\"><img loading=\"lazy\" decoding=\"async\" width=\"710\" height=\"398\" src=\"https:\/\/www.lagota.ch\/wp-content\/uploads\/arton5391.jpg\" alt=\"\" class=\"wp-image-3926\" srcset=\"https:\/\/www.lagota.ch\/wp-content\/uploads\/arton5391.jpg 710w, https:\/\/www.lagota.ch\/wp-content\/uploads\/arton5391-300x168.jpg 300w\" sizes=\"auto, (max-width: 710px) 100vw, 710px\" \/><\/a><\/figure>\n\n\n\n<p>Heute fand der \u00abMarsch f\u00fcrs L\u00e4be\u00bb erneut in Z\u00fcrich Oerlikon statt. Zum zw\u00f6lften mal versammelten sich christliche Fundamentalist*innen zusammen mit rechten Politiker*innen, xenophoben Gruppierungen und Rechtsextremen aus dem In- und Ausland, um gegen das Recht auf Abtreibung zu demonstrieren.<br>Schon im Vorfeld fanden verschiedene St\u00f6raktionen statt, wie diverse Versch\u00f6nerungsaktionen rund um den Marktplatz Oerlikon, sowie Angriffe auf mehrere Mittr\u00e4ger*innen des \u00abMarsch f\u00fcrs L\u00e4be\u00bb. Denn weder in Oerlikon noch sonst irgendwo haben Fundis einen Platz. In diesem Jahr versammelten sie sich unter dem Motto \u00ab24 Stunden f\u00fcr ein Leben\u00bb, das Motto bezieht sich auf eine der beiden von SVP-Kreisen lanciert Initiativen, welche vorsieht, dass zwischen Abtreibungsentschluss und Abtreibung mindestens 24 Stunden verstreichen sollen, dies wirkt im ersten Moment gem\u00e4ssigt aber die Fundis propagandieren ein reaktion\u00e4res FLINTA und LGBTQAI+ verachtendes Menschenbild. Doch unsere k\u00f6rperliche Autonomie ist kein Politikum, kein Schauplatz von Moralvorstellungen und sicher nicht verhandelbar. Deswegen waren wir auch heute zahlreich, laut und selbstbestimmt in Oerlikon und haben den Marsch durch verschiedene Aktionen erfolgreich gest\u00f6rt.<br>Bereits am Mittag fand eine Performance am Bahnhof statt, die den Anreisenden zeigte, dass sie nicht willkommen sind. Rund um den Marktplatz haben wir uns versammelt und obwohl die Polizei immer wieder versuchte, uns wegzudr\u00e4ngen, blieben wir gemeinsam vor Ort, versammelten uns immer wieder neu und blieben lautstark, sodass die Fundis gezwungen waren, versp\u00e4tet und mit verk\u00fcrzter Route loszulaufen. Sie waren nicht l\u00e4nger als 30 Minuten abseits von Publikum auf der Strasse. Auf der ganzen Route verteilt standen wir und machten ihnen klar, dass sie hier nicht wilkommen sind. Nicht nur von aussen sondern auch von innen haben wir heute die Veranstaltung gest\u00f6rt. Mit einer Scheinrede haben wir uns in das Programm der Fundis eingeschlichen und unseren Widerstand auch auf dem Platz laut gemacht.<\/p>\n\n\n\n<p><strong>Denn es sind unsere K\u00f6rper, unsere Entscheidungen und unsere Strassen \u2013<br>Kein Fussbreit dem Marsch f\u00fcrs L\u00e4be.<br><\/strong><\/p>\n\n\n\n<p>B\u00fcndnis f\u00fcr ein selbstbestimmtes Leben<\/p>\n","protected":false},"excerpt":{"rendered":"<p>Wir waren auch heute zahlreich, laut und selbstbestimmt inOerlikon und haben den Marsch durch verschiedene Aktionen erfolgreichgest\u00f6rt. Heute fand der \u00abMarsch f\u00fcrs L\u00e4be\u00bb erneut in Z\u00fcrich Oerlikon statt. Zum zw\u00f6lften mal versammelten sich christliche Fundamentalist*innen zusammen mit rechten Politiker*innen, xenophoben &hellip; <a href=\"https:\/\/www.lagota.ch\/?p=3925\">Continue reading <span class=\"meta-nav\">&rarr;<\/span><\/a><\/p>\n","protected":false},"author":1,"featured_media":0,"comment_status":"closed","ping_status":"open","sticky":false,"template":"","format":"standard","meta":{"footnotes":""},"categories":[13,242,16],"tags":[1403,706,1404,373,27,875],"class_list":["post-3925","post","type-post","status-publish","format-standard","hentry","category-antifa","category-emanzipation","category-schweiz","tag-flinta","tag-gegendemo","tag-lgbtqai","tag-marsch-furs-labe","tag-repression","tag-storaktionen"],"_links":{"self":[{"href":"https:\/\/www.lagota.ch\/index.php?rest_route=\/wp\/v2\/posts\/3925","targetHints":{"allow":["GET"]}}],"collection":[{"href":"https:\/\/www.lagota.ch\/index.php?rest_route=\/wp\/v2\/posts"}],"about":[{"href":"https:\/\/www.lagota.ch\/index.php?rest_route=\/wp\/v2\/types\/post"}],"author":[{"embeddable":true,"href":"https:\/\/www.lagota.ch\/index.php?rest_route=\/wp\/v2\/users\/1"}],"replies":[{"embeddable":true,"href":"https:\/\/www.lagota.ch\/index.php?rest_route=%2Fwp%2Fv2%2Fcomments&post=3925"}],"version-history":[{"count":1,"href":"https:\/\/www.lagota.ch\/index.php?rest_route=\/wp\/v2\/posts\/3925\/revisions"}],"predecessor-version":[{"id":3927,"href":"https:\/\/www.lagota.ch\/index.php?rest_route=\/wp\/v2\/posts\/3925\/revisions\/3927"}],"wp:attachment":[{"href":"https:\/\/www.lagota.ch\/index.php?rest_route=%2Fwp%2Fv2%2Fmedia&parent=3925"}],"wp:term":[{"taxonomy":"category","embeddable":true,"href":"https:\/\/www.lagota.ch\/index.php?rest_route=%2Fwp%2Fv2%2Fcategories&post=3925"},{"taxonomy":"post_tag","embeddable":true,"href":"https:\/\/www.lagota.ch\/index.php?rest_route=%2Fwp%2Fv2%2Ftags&post=3925"}],"curies":[{"name":"wp","href":"https:\/\/api.w.org\/{rel}","templated":true}]}}