{"id":3929,"date":"2022-09-21T07:10:53","date_gmt":"2022-09-21T06:10:53","guid":{"rendered":"https:\/\/www.lagota.ch\/?p=3929"},"modified":"2022-09-21T07:10:53","modified_gmt":"2022-09-21T06:10:53","slug":"aktion-gegen-erdolparty-in-luzern","status":"publish","type":"post","link":"https:\/\/www.lagota.ch\/?p=3929","title":{"rendered":"Aktion gegen Erd\u00f6lparty in Luzern"},"content":{"rendered":"\n<p>Heute Morgen haben Aktivist*innen ein Banner am KKL Luzern befestigt, wo diese Woche ein Treffen der gr\u00f6sten Erd\u00f6lkonzerne der Welt stattfinden: BP, Shell, Chevron, ExxonMobile, Saudi Aramco.<\/p>\n\n\n\n<figure class=\"wp-block-image size-large\"><a href=\"https:\/\/www.lagota.ch\/wp-content\/uploads\/308059595_460512016106370_1555191100812206515_n.jpg\"><img loading=\"lazy\" decoding=\"async\" width=\"1024\" height=\"1024\" src=\"https:\/\/www.lagota.ch\/wp-content\/uploads\/308059595_460512016106370_1555191100812206515_n-1024x1024.jpg\" alt=\"\" class=\"wp-image-3930\" srcset=\"https:\/\/www.lagota.ch\/wp-content\/uploads\/308059595_460512016106370_1555191100812206515_n-1024x1024.jpg 1024w, https:\/\/www.lagota.ch\/wp-content\/uploads\/308059595_460512016106370_1555191100812206515_n-300x300.jpg 300w, https:\/\/www.lagota.ch\/wp-content\/uploads\/308059595_460512016106370_1555191100812206515_n-150x150.jpg 150w, https:\/\/www.lagota.ch\/wp-content\/uploads\/308059595_460512016106370_1555191100812206515_n-768x768.jpg 768w, https:\/\/www.lagota.ch\/wp-content\/uploads\/308059595_460512016106370_1555191100812206515_n.jpg 1080w\" sizes=\"auto, (max-width: 1024px) 100vw, 1024px\" \/><\/a><\/figure>\n\n\n\n<p>Dies w\u00e4hrend Millionen Menschen in Pakistan durch die Klimakrise ihr Zuhause verlieren und die Konzerne enorm von h\u00f6heren Energiepreisen profitieren.<\/p>\n\n\n\n<p>DAS LASSEN WIR UNS NICHT GEFALLEN!<\/p>\n\n\n\n<p><strong>Leiste mit uns Widerstand gegen diese Verbrechen und komme morgen, Mittwoch 21.9. um 17:30 auf den Europaplatz in Luzern. Die Demonstration ist bewilligt.<\/strong><\/p>\n","protected":false},"excerpt":{"rendered":"<p>Heute Morgen haben Aktivist*innen ein Banner am KKL Luzern befestigt, wo diese Woche ein Treffen der gr\u00f6sten Erd\u00f6lkonzerne der Welt stattfinden: BP, Shell, Chevron, ExxonMobile, Saudi Aramco. Dies w\u00e4hrend Millionen Menschen in Pakistan durch die Klimakrise ihr Zuhause verlieren und &hellip; <a href=\"https:\/\/www.lagota.ch\/?p=3929\">Continue reading <span class=\"meta-nav\">&rarr;<\/span><\/a><\/p>\n","protected":false},"author":1,"featured_media":0,"comment_status":"closed","ping_status":"open","sticky":false,"template":"","format":"standard","meta":{"footnotes":""},"categories":[11,21,4],"tags":[1407,1405,979,1196,1406],"class_list":["post-3929","post","type-post","status-publish","format-standard","hentry","category-luzern","category-okologie","category-veranstaltung","tag-energiepreise","tag-erdolparty","tag-kkl","tag-klimakrise","tag-pakistan"],"_links":{"self":[{"href":"https:\/\/www.lagota.ch\/index.php?rest_route=\/wp\/v2\/posts\/3929","targetHints":{"allow":["GET"]}}],"collection":[{"href":"https:\/\/www.lagota.ch\/index.php?rest_route=\/wp\/v2\/posts"}],"about":[{"href":"https:\/\/www.lagota.ch\/index.php?rest_route=\/wp\/v2\/types\/post"}],"author":[{"embeddable":true,"href":"https:\/\/www.lagota.ch\/index.php?rest_route=\/wp\/v2\/users\/1"}],"replies":[{"embeddable":true,"href":"https:\/\/www.lagota.ch\/index.php?rest_route=%2Fwp%2Fv2%2Fcomments&post=3929"}],"version-history":[{"count":1,"href":"https:\/\/www.lagota.ch\/index.php?rest_route=\/wp\/v2\/posts\/3929\/revisions"}],"predecessor-version":[{"id":3931,"href":"https:\/\/www.lagota.ch\/index.php?rest_route=\/wp\/v2\/posts\/3929\/revisions\/3931"}],"wp:attachment":[{"href":"https:\/\/www.lagota.ch\/index.php?rest_route=%2Fwp%2Fv2%2Fmedia&parent=3929"}],"wp:term":[{"taxonomy":"category","embeddable":true,"href":"https:\/\/www.lagota.ch\/index.php?rest_route=%2Fwp%2Fv2%2Fcategories&post=3929"},{"taxonomy":"post_tag","embeddable":true,"href":"https:\/\/www.lagota.ch\/index.php?rest_route=%2Fwp%2Fv2%2Ftags&post=3929"}],"curies":[{"name":"wp","href":"https:\/\/api.w.org\/{rel}","templated":true}]}}