{"id":3956,"date":"2022-11-21T10:56:31","date_gmt":"2022-11-21T09:56:31","guid":{"rendered":"https:\/\/www.lagota.ch\/?p=3956"},"modified":"2022-11-21T10:56:31","modified_gmt":"2022-11-21T09:56:31","slug":"bomben-auf-kobani","status":"publish","type":"post","link":"https:\/\/www.lagota.ch\/?p=3956","title":{"rendered":"Bomben auf Kobani"},"content":{"rendered":"\n<h3 class=\"wp-block-heading\"><strong>Tote nach schweren t\u00fcrkischen Luftangriffen auf Nordsyrien und Nordirak. USA gaben offenbar gr\u00fcnes Licht Von Nick Brauns<\/strong><\/h3>\n\n\n\n<figure class=\"wp-block-image\"><img decoding=\"async\" src=\"https:\/\/www.jungewelt.de\/img\/450\/174029.jpg\" alt=\"1.jpg\"\/><figcaption class=\"wp-element-caption\">Hannes P. Albert\/dpa Spontane Demonstration gegen den t\u00fcrkischen Angriffskrieg am Sonntag in Frankfurt am Main<\/figcaption><\/figure>\n\n\n\n<p>Die t\u00fcrkische Luftwaffe hat in der Nacht zum Sonntag die seit Jahren schwersten Luftangriffe auf die Selbstverwaltungsregion in Nord- und Ostsyrien geflogen. Bombardiert wurden bei den Attacken mit Dutzenden Kampfflugzeugen und Drohnen unter anderem die St\u00e4dte Kobani und Derik sowie die Schahba-Region n\u00f6rdlich von Aleppo. Auch auf das Asos- sowie das Kandilgebirge im Nordirak, wo sich das Hauptquartier der Arbeiterpartei Kurdistans (PKK) befindet, erfolgten Luftangriffe.<\/p>\n\n\n\n<p>Nach Angaben des Pressesprechers der Syrisch-Demokratischen Kr\u00e4fte (SDK), Farhad Shami, vom Sonntag mittag wurden in Syrien 27 Menschen get\u00f6tet, darunter elf Zivilisten, ein SDK-K\u00e4mpfer sowie 15 syrische Regierungssoldaten. Bei Derik, der nahe der Grenze zum Irak gelegenen Partnerstadt des Berliner Bezirks Friedrichshain-Kreuzberg, kam es zu einem Massaker. Dabei starben neun Zivilisten. Dorfbewohner hatten die Insassen eines zuvor beschossenen Fahrzeugs bergen wollen, als ein weiterer Luftangriff auf den Ort erfolgte. Zerst\u00f6rt wurde zudem zivile Infrastruktur, so das Kraftwerk von Derik, ein Krankenhaus in Kobani sowie Getreidesilos.<\/p>\n\n\n\n<p>Es sei \u00bbAbrechnungszeit\u00ab hatte das t\u00fcrkische Verteidigungsministerium \u00fcber Twitter die Angriffe mit der \u00bbNeutralisierung\u00ab von \u00bbterroristischen Elementen\u00ab begr\u00fcndet. Es handele sich um Vergeltung f\u00fcr einen Bombenanschlag in Istanbul am vergangenen Sonntag, bei dem sechs Menschen get\u00f6tet und mehr als 80 verletzt wurden. W\u00e4hrend YPG und PKK sich umgehend von dem Anschlag distanziert hatten, wiesen Spuren der mutma\u00dflichen Attent\u00e4terin in Richtung der mit Ankara verb\u00fcndeten dschihadistischen S\u00f6ldner in Nordsyrien und eines Politikers der faschistischen Grauen W\u00f6lfe.<\/p>\n\n\n\n<figure class=\"wp-block-image\"><img decoding=\"async\" src=\"https:\/\/www.jungewelt.de\/img\/450\/174030.jpg\" alt=\"DSCF7797.JPG\"\/><figcaption class=\"wp-element-caption\">Jamie Parks\/Rojava Information Center Zerst\u00f6rtes Umspannwerk im syrischen Dorf Tekil Bekil am Sonntag<\/figcaption><\/figure>\n\n\n\n<p>\u00bbWir sind sicher, dass die Explosion in Istanbul letzte Woche von der AKP und der MHP inszeniert wurde\u00ab, gab Remyize Mihemed, Sprecherin des in der Selbstverwaltungsregion einflu\u00dfreichen Frauenverbandes Kongra Star, am Sonntag gegen\u00fcber <em>jW<\/em> der islamistisch-faschistischen Regierungsallianz in Ankara die Verantwortung. Die T\u00fcrkei plane seit langem weitere Teile Nordsyriens zu besetzen, so Mihemed. Angesichts der Wahlen im kommenden Jahr und der tiefen Wirtschaftskrise und der im Nordirak steckengebliebenen Offensive gegen die kurdische Guerilla brauche die Regierung von Pr\u00e4sident Recep Tayyip Erdogan Erfolge, um wieder Zustimmung zu gewinnen. Mihemed ist sich sicher, \u00bbdass es Absprachen zwischen Amerika und der T\u00fcrkei f\u00fcr diese Angriffe gab\u00ab. So hatte das US-Konsulat im nordirakischen Erbil bereits am Freitag seine sich im Land aufhaltenden B\u00fcrger vor einem bevorstehenden t\u00fcrkischen Angriff auf Nordsyrien und den Nordirak gewarnt.<\/p>\n\n\n\n<p>Bemerkenswert sei, dass sowohl die USA als auch Russland den jeweils von ihnen kontrollierten Luftraum f\u00fcr die t\u00fcrkische Luftwaffe freigegeben h\u00e4tten, betonte Servan Roni, ein Internationalist der kurdischen Volksverteidigungseinheiten (YPG), am Sonntag gegen\u00fcber <em>jW.<\/em> Er erkl\u00e4rt sich dies mit der geopolitischen Bedeutung der von beiden Seiten umworbenen T\u00fcrkei. Bezeichnend sei das Schweigen der Bundesregierung zur Bombardierung von Kobani als weltweit bekanntem Symbol f\u00fcr den Sieg \u00fcber den \u00bbIslamischen Staat\u00ab, so der aus Deutschland stammende YPG-K\u00e4mpfer.<\/p>\n\n\n\n<p>Am Montag reist Bundesinnenministerin Nancy Faeser (SPD) zu Gespr\u00e4chen mit ihrem Amtskollegen S\u00fcleyman Soylu \u00fcber \u00bbTerrorismusbek\u00e4mpfung\u00ab und Migrationsabwehr nach Ankara<br><br>Quelle: <a href=\"https:\/\/www.jungewelt.de\/artikel\/439112.erdogan-im-wahlkampfmodus-bomben-auf-kobani.html\">https:\/\/www.jungewelt.de\/artikel\/439112.erdogan-im-wahlkampfmodus-bomben-auf-kobani.html<\/a><\/p>\n","protected":false},"excerpt":{"rendered":"<p>Tote nach schweren t\u00fcrkischen Luftangriffen auf Nordsyrien und Nordirak. USA gaben offenbar gr\u00fcnes Licht Von Nick Brauns Die t\u00fcrkische Luftwaffe hat in der Nacht zum Sonntag die seit Jahren schwersten Luftangriffe auf die Selbstverwaltungsregion in Nord- und Ostsyrien geflogen. Bombardiert &hellip; <a href=\"https:\/\/www.lagota.ch\/?p=3956\">Continue reading <span class=\"meta-nav\">&rarr;<\/span><\/a><\/p>\n","protected":false},"author":1,"featured_media":0,"comment_status":"closed","ping_status":"open","sticky":false,"template":"","format":"standard","meta":{"footnotes":""},"categories":[10,713],"tags":[1420,1422,552,1421,1163,446,1423],"class_list":["post-3956","post","type-post","status-publish","format-standard","hentry","category-aus-aller-welt","category-kurdistan","tag-bomben","tag-derik","tag-erdogan","tag-kobani","tag-kurdistan","tag-pkk","tag-sdk"],"_links":{"self":[{"href":"https:\/\/www.lagota.ch\/index.php?rest_route=\/wp\/v2\/posts\/3956","targetHints":{"allow":["GET"]}}],"collection":[{"href":"https:\/\/www.lagota.ch\/index.php?rest_route=\/wp\/v2\/posts"}],"about":[{"href":"https:\/\/www.lagota.ch\/index.php?rest_route=\/wp\/v2\/types\/post"}],"author":[{"embeddable":true,"href":"https:\/\/www.lagota.ch\/index.php?rest_route=\/wp\/v2\/users\/1"}],"replies":[{"embeddable":true,"href":"https:\/\/www.lagota.ch\/index.php?rest_route=%2Fwp%2Fv2%2Fcomments&post=3956"}],"version-history":[{"count":1,"href":"https:\/\/www.lagota.ch\/index.php?rest_route=\/wp\/v2\/posts\/3956\/revisions"}],"predecessor-version":[{"id":3957,"href":"https:\/\/www.lagota.ch\/index.php?rest_route=\/wp\/v2\/posts\/3956\/revisions\/3957"}],"wp:attachment":[{"href":"https:\/\/www.lagota.ch\/index.php?rest_route=%2Fwp%2Fv2%2Fmedia&parent=3956"}],"wp:term":[{"taxonomy":"category","embeddable":true,"href":"https:\/\/www.lagota.ch\/index.php?rest_route=%2Fwp%2Fv2%2Fcategories&post=3956"},{"taxonomy":"post_tag","embeddable":true,"href":"https:\/\/www.lagota.ch\/index.php?rest_route=%2Fwp%2Fv2%2Ftags&post=3956"}],"curies":[{"name":"wp","href":"https:\/\/api.w.org\/{rel}","templated":true}]}}