{"id":3970,"date":"2022-12-21T14:54:45","date_gmt":"2022-12-21T13:54:45","guid":{"rendered":"https:\/\/www.lagota.ch\/?p=3970"},"modified":"2022-12-21T14:54:45","modified_gmt":"2022-12-21T13:54:45","slug":"stellungnahme-von-la-rotonda-zur-juch-raumung","status":"publish","type":"post","link":"https:\/\/www.lagota.ch\/?p=3970","title":{"rendered":"Stellungnahme von LA ROTONDA zur Juch-R\u00e4umung"},"content":{"rendered":"\n<p>Guten Tag<\/p>\n\n\n\n<p>Mein Name ist LA ROTONDA. Ich bin ein Wagenplatz in der Stadt Z\u00fcrich. Ein Heim, ein Zuhause, ein Ort, an dem Menschen zusammen leben. Ich bin zwar eine unkonventionelle, marginale Wohnform, trotzdem bin ich hier. Aber jetzt brauche ich einen neuen Standort. Das bedeutet, die Stadt Z\u00fcrich braucht neue Wagenpl\u00e4tze!<\/p>\n\n\n\n<figure class=\"wp-block-image size-full\"><a href=\"https:\/\/www.lagota.ch\/wp-content\/uploads\/la_rotonda_3.jpg\"><img loading=\"lazy\" decoding=\"async\" width=\"1024\" height=\"576\" src=\"https:\/\/www.lagota.ch\/wp-content\/uploads\/la_rotonda_3.jpg\" alt=\"\" class=\"wp-image-3971\" srcset=\"https:\/\/www.lagota.ch\/wp-content\/uploads\/la_rotonda_3.jpg 1024w, https:\/\/www.lagota.ch\/wp-content\/uploads\/la_rotonda_3-300x169.jpg 300w, https:\/\/www.lagota.ch\/wp-content\/uploads\/la_rotonda_3-768x432.jpg 768w\" sizes=\"auto, (max-width: 1024px) 100vw, 1024px\" \/><\/a><\/figure>\n\n\n\n<p>Deshalb habe ich letzten Mittwoch, den 14.12.2022 das Juchareal an der Juchstrasse in Altstetten besetzt. Was darauf geschah, ist f\u00fcr mich im h\u00f6chsten Grade inakzeptabel und unverst\u00e4ndlich! Im Folgenden m\u00f6chte ich meine Beobachtungen dazu schildern:<\/p>\n\n\n\n<p>Als ich auf den Platz fuhr sah ich, wie gerade eine Abnahme stattfand. Da waren Vertreter der HRS und der Stadt Z\u00fcrich. Ich habe sie begr\u00fcsst und ihnen gesagt, dass ich meine W\u00e4gen bringe. Sie waren verst\u00e4ndlicherweise etwas \u00fcberrascht und \u00fcberfordert. Der Vertreter der HRS beruhigte sich relativ schnell. Der Vertreter der Stadt hat leider komplett \u00fcberreagiert. Ich signalisierte ihm klar Gespr\u00e4chsbereitschaft und erkl\u00e4rte ihm, dass ich die Stadt Z\u00fcrich zeitgleich brieflich wie auch telefonisch \u00fcber mein Vorgehen in Kenntnis setzte, inklusive Entwurf eines Nutzleihvertrags. Dies hat er komplett ignoriert und darauf hin die Polizei informiert.<\/p>\n\n\n\n<p>Ein von mir gesuchtes Gespr\u00e4ch fand leider nie statt, ab jetzt gab es nur noch Repression.<\/p>\n\n\n\n<p>Die Polizei fuhr mit zahlreichen Einsatzkr\u00e4ften vor und kreiste das Gel\u00e4nde ein, in Vollmontur und bewaffnet. Von Anfang an provozierten einzelne Polizisten mit martialischen Gesten und mit herablassenden Kommentaren. Das Ganze wuchs zu einer gross angelegten Operation heran. Weitere Versuche meinerseits, mit der Stadt telefonisch in Kontakt zu treten, blieben fruchtlos, stattdessen wurde vom Vertreter der HRS und vom St\u00e4dtischen Tiefbaudepartement Anzeige gegen mich erstattet und es zeichnete sich ab, dass das Gel\u00e4nde polizeilich ger\u00e4umt werden w\u00fcrde. Das Areal zu verlassen war schon seit geraumer Zeit nicht mehr m\u00f6glich: Menschen, die zu gehen versuchten, wurden von Beamten daran gehindert. Die absolute Unverh\u00e4ltnism\u00e4ssigkeit des Szenarios gipfelte in einem brutalen Angriff: Ausserhalb des Areals wurde eine Person von gewaltt\u00e4tigen Polizisten attackiert. Die Folge daraus: Starke R\u00fcckenbeschwerden mit anf\u00e4nglichem Verdacht auf Kreuzbeinbruch und ein Sch\u00e4del-Hirn-Trauma! Mehr ist dazu nicht zu sagen. Die Polizisten wussten, was sie taten, feige und brutal.<\/p>\n\n\n\n<p>Desweiteren war die polizeiliche Abmahnung, innerhalb von 4 Minuten das Areal zu verlassen, eine Farce. Denn erstens war es weiterhin nicht m\u00f6glich zu gehen und zweitens war es offensichtlich, dass ich mehr Zeit brauchte, um mit meinen W\u00e4gen vom Areal runter zu kommen. Die Deadline war f\u00fcr mich nicht einhaltbar. Die von der Polizei angek\u00fcndigte \u201ePersonenkontrolle\u201c bedeutete in Wirklichkeit Wegweisungen, Strafanzeigen wegen Hausfriedensbruch und Festnahmen von allen Personen, die nicht in der Schweiz gemeldet sind. Die Polizei versucht zur Zeit immer wieder, das Wort R\u00e4umung zu vermeiden, aber dies war eine R\u00e4umung!<\/p>\n\n\n\n<p>Das einzige Zugest\u00e4ndnis von Seiten des Einsatzleiters war, dass ich nach der Kontrolle mehr Zeit bekam, um meine W\u00e4gen vom Platz zu schaffen. Ansonsten gab es keinerlei Dialog.<\/p>\n\n\n\n<p>Ich bin ent\u00e4uscht, traurig und w\u00fctend. Ich wurde als Besetzerin absolut unverh\u00e4ltnism\u00e4ssig behandelt und kriminalisiert. Die Verantwortlichen daf\u00fcr orte ich bei der Stadt Z\u00fcrich und deren Polizei, wobei mir unklar ist, wer von beiden das Geschehen bestimmt. Handelt die Polizei eigenm\u00e4chtig oder ist dies der Wille der Stadtregierung, wie mit Besetzungen umzugehen ist? Ich beobachte seit l\u00e4ngerem bei verschiedenen Aktionen und Anl\u00e4ssen, dass die Polizei ausser Kontrolle geratene Beamte nicht im Griff hat. Diese gewaltt\u00e4tigen und diskriminierenden Ausw\u00fcchse sind nicht zu akzeptieren. Ich fordere von deren Vorsteherin Karin Rykard, dazu Stellung zu beziehen. Auf der Homepage ihres Sicherheitsdepartements ist zu lesen: \u201e\u2026damit das Klima in der Stadt Z\u00fcrich auch in Zukunft von Toleranz, R\u00fccksicht und nachbarschaftlicher Solidarit\u00e4t gepr\u00e4gt sein soll, braucht es neben den unausweichlichen polizeilichen Massnahmen zur Gew\u00e4hrleistung von Schutz und Sicherheit einen fairen und kooperativen Dialog auf der Basis gegenseitigen Vertrauens.\u201c Ein solcher Dialog war, um es nochmals zu betonen, nicht m\u00f6glich und aus meiner Sicht ging an diesem Morgen die einzige Gefahr von provozierenden und gewaltbereiten Polizisten aus.<\/p>\n\n\n\n<p>Wenn Menschen, die am Rande einer harmlosen Platzbesetzung von der Polizei als Besetzer*innen eingeordnet werden, damit rechnen m\u00fcssen, von der Polizei in den Rollstuhl gepr\u00fcgelt zu werden, wo f\u00fchrt das hin?<\/p>\n\n\n\n<p>Ich fordere von der gesamten Stadtregierung, Gesicht zu zeigen und sich nicht hinter einer Rot Gr\u00fcnen Fassade zu verstecken.<\/p>\n\n\n\n<p>Ich fordere von Simone Brander, der Vorsteherin des Tiefbaudepartements, sowie von der HRS, die Anzeige gegen mich zur\u00fcck zu ziehen. Ort des Geschehens am 14.12.2022 war ein zum gr\u00f6ssten Teil leer stehender Kiesplatz, nicht die Schweizerische Nationalbank!<\/p>\n\n\n\n<p>Und \u00fcberhaupt fordere ich: Beruhigt euch mal!<\/p>\n\n\n\n<p>Ich bin hier und geh\u00f6re als Wagenplatz mit vielen anderen autonomen Projekten mit zu dieser Stadt.<\/p>\n\n\n\n<p>Z\u00fcrich braucht autonome R\u00e4ume. F\u00fcr Politik, Kultur, Arbeit und verschiedene Wohnformen!<\/p>\n\n\n\n<p>Ich bin hier und ich brauche Platz! Und ich werde bleiben!<\/p>\n\n\n\n<p>Wir bleiben Alle!<\/p>\n\n\n\n<p>Alles wird besetzt!<\/p>\n\n\n\n<figure class=\"wp-block-embed is-type-wp-embed is-provider-alles-wird-besetzt wp-block-embed-alles-wird-besetzt\"><div class=\"wp-block-embed__wrapper\">\n<blockquote class=\"wp-embedded-content\" data-secret=\"VndM68Use4\"><a href=\"https:\/\/alleswirdbesetzt.ch\/\">Home<\/a><\/blockquote><iframe loading=\"lazy\" class=\"wp-embedded-content\" sandbox=\"allow-scripts\" security=\"restricted\" style=\"position: absolute; clip: rect(1px, 1px, 1px, 1px);\" title=\"&#8222;Home&#8220; &#8212; Alles wird besetzt!\" src=\"https:\/\/alleswirdbesetzt.ch\/embed\/#?secret=sm40midSqT#?secret=VndM68Use4\" data-secret=\"VndM68Use4\" width=\"600\" height=\"338\" frameborder=\"0\" marginwidth=\"0\" marginheight=\"0\" scrolling=\"no\"><\/iframe>\n<\/div><\/figure>\n","protected":false},"excerpt":{"rendered":"<p>Guten Tag Mein Name ist LA ROTONDA. Ich bin ein Wagenplatz in der Stadt Z\u00fcrich. Ein Heim, ein Zuhause, ein Ort, an dem Menschen zusammen leben. Ich bin zwar eine unkonventionelle, marginale Wohnform, trotzdem bin ich hier. Aber jetzt brauche &hellip; <a href=\"https:\/\/www.lagota.ch\/?p=3970\">Continue reading <span class=\"meta-nav\">&rarr;<\/span><\/a><\/p>\n","protected":false},"author":1,"featured_media":0,"comment_status":"closed","ping_status":"open","sticky":false,"template":"","format":"standard","meta":{"footnotes":""},"categories":[16,18],"tags":[1427,95,27,1322,121],"class_list":["post-3970","post","type-post","status-publish","format-standard","hentry","category-schweiz","category-squat-the-world","tag-la-rotonda","tag-raumung","tag-repression","tag-wagenplatz","tag-zurich"],"_links":{"self":[{"href":"https:\/\/www.lagota.ch\/index.php?rest_route=\/wp\/v2\/posts\/3970","targetHints":{"allow":["GET"]}}],"collection":[{"href":"https:\/\/www.lagota.ch\/index.php?rest_route=\/wp\/v2\/posts"}],"about":[{"href":"https:\/\/www.lagota.ch\/index.php?rest_route=\/wp\/v2\/types\/post"}],"author":[{"embeddable":true,"href":"https:\/\/www.lagota.ch\/index.php?rest_route=\/wp\/v2\/users\/1"}],"replies":[{"embeddable":true,"href":"https:\/\/www.lagota.ch\/index.php?rest_route=%2Fwp%2Fv2%2Fcomments&post=3970"}],"version-history":[{"count":1,"href":"https:\/\/www.lagota.ch\/index.php?rest_route=\/wp\/v2\/posts\/3970\/revisions"}],"predecessor-version":[{"id":3972,"href":"https:\/\/www.lagota.ch\/index.php?rest_route=\/wp\/v2\/posts\/3970\/revisions\/3972"}],"wp:attachment":[{"href":"https:\/\/www.lagota.ch\/index.php?rest_route=%2Fwp%2Fv2%2Fmedia&parent=3970"}],"wp:term":[{"taxonomy":"category","embeddable":true,"href":"https:\/\/www.lagota.ch\/index.php?rest_route=%2Fwp%2Fv2%2Fcategories&post=3970"},{"taxonomy":"post_tag","embeddable":true,"href":"https:\/\/www.lagota.ch\/index.php?rest_route=%2Fwp%2Fv2%2Ftags&post=3970"}],"curies":[{"name":"wp","href":"https:\/\/api.w.org\/{rel}","templated":true}]}}