{"id":3974,"date":"2023-01-11T15:59:19","date_gmt":"2023-01-11T14:59:19","guid":{"rendered":"https:\/\/www.lagota.ch\/?p=3974"},"modified":"2023-01-11T15:59:19","modified_gmt":"2023-01-11T14:59:19","slug":"das-wef-gegen-alle-alle-gegen-das-wef","status":"publish","type":"post","link":"https:\/\/www.lagota.ch\/?p=3974","title":{"rendered":"Das WEF gegen Alle &#8211; Alle gegen das WEF"},"content":{"rendered":"\n<p><strong>Sie k\u00f6nnen es nicht lassen: Auch im Januar 2023 treffen sich in Davos allerlei Wirtschaftsbosse, zusammen mit selbsternannten Wohlt\u00e4ter*innen und Regierungsvertreter*innen, um \u00fcber die Gestaltung der Welt und die Aufteilung der knappen Ressourcen in den Krisen unserer Zeit zu verhandeln.<\/strong><\/p>\n\n\n\n<figure class=\"wp-block-image size-full\"><a href=\"https:\/\/www.lagota.ch\/wp-content\/uploads\/arton5541.png\"><img loading=\"lazy\" decoding=\"async\" width=\"710\" height=\"398\" src=\"https:\/\/www.lagota.ch\/wp-content\/uploads\/arton5541.png\" alt=\"\" class=\"wp-image-3975\" srcset=\"https:\/\/www.lagota.ch\/wp-content\/uploads\/arton5541.png 710w, https:\/\/www.lagota.ch\/wp-content\/uploads\/arton5541-300x168.png 300w\" sizes=\"auto, (max-width: 710px) 100vw, 710px\" \/><\/a><\/figure>\n\n\n\n<p>Dieses Mal wird unter dem Motto &#8220;Kooperation in einer zersplitterten Welt&#8221; ins sichere Schweizer Hinterland eingeladen. Es geht um die Frage, wie die Bereicherung der Wirtschaftselite sichergestellt werden kann.Tats\u00e4chlich brennt es in verschiedenen Teilen der Welt. Zeitgleich w\u00fcten Kriege, die Klimakrise, die Energiekrise, die Krise des Gesundheitssystems, kurz: Eine Krise des Systems, die sich in unterschiedlichen Formen \u00e4ussert. Doch w\u00e4hrend dieser Krisen zeigen sich auch Perspektiven, welche f\u00fcr die Herrschenden eine Bedrohung darstellen. Revolution\u00e4re feministische Aufst\u00e4nde und Streiks im Iran, der gr\u00f6sste Streik an akademischen Einrichtungen der US-amerikanischen Geschichte, streikende Lokf\u00fchrer*innen in England, die Ger\u00eela in Kurdistan und der Generalstreik in Griechenland: Die Menschen wehren sich und bauen Druck von unten auf. Sie organisieren sich zu einer Gegenmacht, die sich den M\u00e4chtigen und ihrer Profitgier in den Weg stellt und Alternativen aufzeigt!<\/p>\n\n\n\n<p>Auch in der Schweiz regt sich Widerstand. Im vergangenen Jahr gab es starke antikapitalistische, antifaschistische und feministische Mobilisierungen. Im Gesundheitswesen schritt die Organisierung weiter voran und die Bauarbeiter*innen zeigten ihre Kampfbereitschaft f\u00fcr einen guten Landesmantelvertrag an verschiedenen schweizweiten Streik- und Protesttagen. Gegen das neue \u00d6lkraftwerk in Birr Aargau, das Herzensprojekt der \u00d6llobby in der Schweiz, finden ebenfalls Aktionen statt.<\/p>\n\n\n\n<p>All diese K\u00e4mpfe finden nicht isoliert statt, sondern r\u00fctteln alle an der Wurzel der Krisen: dem Kapitalismus!<\/p>\n\n\n\n<p>An der SMASH WEF-Demo am 17.01.23 bringen wir diese verschiedenen K\u00e4mpfe auf den Strassen Z\u00fcrichs zusammen! Heraus zur Demo um 19:00 Uhr auf dem Ni-Una-Menos-Platz (ehem. Helvetiaplatz)!<\/p>\n","protected":false},"excerpt":{"rendered":"<p>Sie k\u00f6nnen es nicht lassen: Auch im Januar 2023 treffen sich in Davos allerlei Wirtschaftsbosse, zusammen mit selbsternannten Wohlt\u00e4ter*innen und Regierungsvertreter*innen, um \u00fcber die Gestaltung der Welt und die Aufteilung der knappen Ressourcen in den Krisen unserer Zeit zu verhandeln. &hellip; <a href=\"https:\/\/www.lagota.ch\/?p=3974\">Continue reading <span class=\"meta-nav\">&rarr;<\/span><\/a><\/p>\n","protected":false},"author":1,"featured_media":0,"comment_status":"closed","ping_status":"open","sticky":false,"template":"","format":"standard","meta":{"footnotes":""},"categories":[14,18,4,19,108],"tags":[155,453,66,1153,68],"class_list":["post-3974","post","type-post","status-publish","format-standard","hentry","category-arbeitskampf","category-squat-the-world","category-veranstaltung","category-wef","category-wirtschaftskrise","tag-antikapitalismus","tag-davos","tag-demo","tag-wef","tag-widerstand"],"_links":{"self":[{"href":"https:\/\/www.lagota.ch\/index.php?rest_route=\/wp\/v2\/posts\/3974","targetHints":{"allow":["GET"]}}],"collection":[{"href":"https:\/\/www.lagota.ch\/index.php?rest_route=\/wp\/v2\/posts"}],"about":[{"href":"https:\/\/www.lagota.ch\/index.php?rest_route=\/wp\/v2\/types\/post"}],"author":[{"embeddable":true,"href":"https:\/\/www.lagota.ch\/index.php?rest_route=\/wp\/v2\/users\/1"}],"replies":[{"embeddable":true,"href":"https:\/\/www.lagota.ch\/index.php?rest_route=%2Fwp%2Fv2%2Fcomments&post=3974"}],"version-history":[{"count":1,"href":"https:\/\/www.lagota.ch\/index.php?rest_route=\/wp\/v2\/posts\/3974\/revisions"}],"predecessor-version":[{"id":3976,"href":"https:\/\/www.lagota.ch\/index.php?rest_route=\/wp\/v2\/posts\/3974\/revisions\/3976"}],"wp:attachment":[{"href":"https:\/\/www.lagota.ch\/index.php?rest_route=%2Fwp%2Fv2%2Fmedia&parent=3974"}],"wp:term":[{"taxonomy":"category","embeddable":true,"href":"https:\/\/www.lagota.ch\/index.php?rest_route=%2Fwp%2Fv2%2Fcategories&post=3974"},{"taxonomy":"post_tag","embeddable":true,"href":"https:\/\/www.lagota.ch\/index.php?rest_route=%2Fwp%2Fv2%2Ftags&post=3974"}],"curies":[{"name":"wp","href":"https:\/\/api.w.org\/{rel}","templated":true}]}}