{"id":3978,"date":"2023-01-09T11:43:56","date_gmt":"2023-01-09T10:43:56","guid":{"rendered":"https:\/\/www.lagota.ch\/?p=3978"},"modified":"2023-01-09T11:43:56","modified_gmt":"2023-01-09T10:43:56","slug":"musigburg-aarburg-weiterhin-ein-konzertlokal-der-anderen-art","status":"publish","type":"post","link":"https:\/\/www.lagota.ch\/?p=3978","title":{"rendered":"Musigburg Aarburg, weiterhin ein Konzertlokal der anderen Art"},"content":{"rendered":"\n<p><strong>Bereits 2017 hat das Lautstark Magazin eine Recherche zur Musigburg ver\u00f6ffentlicht.<br>Auch wenn das Programm des Lokals in Aarburg mit diversen Veranstaltungen und Bands aufwartet, ein Blick hinter die Kulissen zeigt n\u00e4mlich, wer die Gesch\u00e4ftsf\u00fchrung und was f\u00fcr ein Lokal das insgesamt ist.<br>Brisant sind der Umgang der Gemeinde Aarburg damit und die Aktivit\u00e4ten der Gesch\u00e4ftsf\u00fchrung als Investor in eine neue Bar in Olten.<br>Eine Zusammenfassung fr\u00fcherer Recheren und neue Erkenntnisse.<\/strong><\/p>\n\n\n\n<p>Am 7.1.2023 findet erneut die Onkelz Cover Nacht zum 13. Mal in der Musigburg Aarburg statt.<\/p>\n\n\n\n<p>Dieses Jahr wird wieder die Band \u201c28 Onkelz Cover Band\u201d auftreten. Diese haben bereits h\u00e4ufig mit anderen grauzone und Rechtsrockbands wie zum Beispiel der Skinband \u201cRaufhandel\u201d, \u201cKrawallbr\u00fcder\u201d sowie \u201cGlas zu Glaz\u201d gespielt. Die Musiker von Glas zu Glaz waren stark in der ehemaligen PNOS verwurzelt.<br>Es \u00fcberrascht daher nicht, dass sich unter den G\u00e4sten der Musigburg immer wieder Personen aus dem rechtsextremen Milieu wie auch bekannte Neonazis befinden.<br>Hinter der Musigburg steckt Roland Url als Gesch\u00e4ftsf\u00fchrer.<br>Im Oktober 2022 kandidierte dieser parteilos f\u00fcr den freien Sitz im Gemeinderat Aarburg.<br>Url pflegte Freundschaften in die deutsche rechtsextreme Szene und ehemaligen V-Leuten. Weiter ist bekannt das er enge Kontakte zu Neonazis und der Blood &amp; Honour Szene in der Schweiz hat. Mehr dazu im Lautstark #26 (Link am Ende des Textes).<br>Nach unseren Recherchen ist Url weiterhin mit diesen Personen in Kontakt.<\/p>\n\n\n\n<p>Hierbei ist es unglaublich problematisch das auch die Gemeinde Aarburg einen solchen Event auf ihrer Webseite bewirbt.<\/p>\n\n\n\n<p>Am Standort des ehemaligen Kulturlokal Coq\u2019dor, hinter dem Bahnhof Olten, ist seit Oktober 2022 eine neues Szene \u00e4hnliches Lokal er\u00f6ffnet worden. Auch da hat Roland Url nach unseren Recherchen, als Anteilseigner (Investor) die Finger im Spiel und es l\u00e4sst vermuten dass die Bar mit dem \u201ckreativen\u201d Namen \u201cG\u00fcggu-Bar\u201d in Zukunft ebenfalls ein Treffpunkt f\u00fcr Personen des rechten und rechtsextremen Spektrums werden k\u00f6nnte.<\/p>\n\n\n\n<hr class=\"wp-block-separator has-alpha-channel-opacity\"\/>\n\n\n\n<h4 class=\"wp-block-heading\">P.S.<\/h4>\n\n\n\n<p>Mehr zu der Vergangenheit von Url und dem Eventlokal Musicburg:<br>(Ein Konzertlokal der anderen Art; Lautstark S.22, 10.2017 #26)<br>lautstark_26_2017.pdf (antifa.ch)<br><a href=\"https:\/\/www.antifa.ch\/wp-content\/uploads\/2017\/11\/lautstark_26_2017.pdf\">https:\/\/www.antifa.ch\/wp-content\/uploads\/2017\/11\/lautstark_26_2017.pdf<\/a><\/p>\n\n\n\n<p>Gemeinde Aarburg:<br><a href=\"http:\/\/www.aarburg.ch\/anlaesseaktuelles\/5330273\">www.aarburg.ch\/anlaesseaktuelles\/5330273<\/a><\/p>\n\n\n\n<p>Zofinger Tagblatt:<br><a href=\"https:\/\/zofingertagblatt.ch\/gemeinderatskandidat-ronald-url-aarburg-darf-seine-einzigartigkeit-und-den-staedtli-charakter-nicht-verlieren\/\">https:\/\/zofingertagblatt.ch\/gemeinderatskandidat-ronald-url-aarburg-darf-seine-einzigartigkeit-und-den-staedtli-charakter-nicht-verlieren\/<\/a><\/p>\n\n\n\n<p>Bild Musigburg:<br><a href=\"https:\/\/zofingertagblatt.ch\/droht-der-musigburg-nach-dem-verkauf-der-krone-das-aus\/\">https:\/\/zofingertagblatt.ch\/droht-der-musigburg-nach-dem-verkauf-der-krone-das-aus\/<\/a><\/p>\n","protected":false},"excerpt":{"rendered":"<p>Bereits 2017 hat das Lautstark Magazin eine Recherche zur Musigburg ver\u00f6ffentlicht.Auch wenn das Programm des Lokals in Aarburg mit diversen Veranstaltungen und Bands aufwartet, ein Blick hinter die Kulissen zeigt n\u00e4mlich, wer die Gesch\u00e4ftsf\u00fchrung und was f\u00fcr ein Lokal das &hellip; <a href=\"https:\/\/www.lagota.ch\/?p=3978\">Continue reading <span class=\"meta-nav\">&rarr;<\/span><\/a><\/p>\n","protected":false},"author":1,"featured_media":0,"comment_status":"closed","ping_status":"open","sticky":false,"template":"","format":"standard","meta":{"footnotes":""},"categories":[13,16],"tags":[1429,1428,1430,1431],"class_list":["post-3978","post","type-post","status-publish","format-standard","hentry","category-antifa","category-schweiz","tag-lautstark","tag-musigburg-aarburg","tag-onkelz","tag-rechtsrock"],"_links":{"self":[{"href":"https:\/\/www.lagota.ch\/index.php?rest_route=\/wp\/v2\/posts\/3978","targetHints":{"allow":["GET"]}}],"collection":[{"href":"https:\/\/www.lagota.ch\/index.php?rest_route=\/wp\/v2\/posts"}],"about":[{"href":"https:\/\/www.lagota.ch\/index.php?rest_route=\/wp\/v2\/types\/post"}],"author":[{"embeddable":true,"href":"https:\/\/www.lagota.ch\/index.php?rest_route=\/wp\/v2\/users\/1"}],"replies":[{"embeddable":true,"href":"https:\/\/www.lagota.ch\/index.php?rest_route=%2Fwp%2Fv2%2Fcomments&post=3978"}],"version-history":[{"count":1,"href":"https:\/\/www.lagota.ch\/index.php?rest_route=\/wp\/v2\/posts\/3978\/revisions"}],"predecessor-version":[{"id":3979,"href":"https:\/\/www.lagota.ch\/index.php?rest_route=\/wp\/v2\/posts\/3978\/revisions\/3979"}],"wp:attachment":[{"href":"https:\/\/www.lagota.ch\/index.php?rest_route=%2Fwp%2Fv2%2Fmedia&parent=3978"}],"wp:term":[{"taxonomy":"category","embeddable":true,"href":"https:\/\/www.lagota.ch\/index.php?rest_route=%2Fwp%2Fv2%2Fcategories&post=3978"},{"taxonomy":"post_tag","embeddable":true,"href":"https:\/\/www.lagota.ch\/index.php?rest_route=%2Fwp%2Fv2%2Ftags&post=3978"}],"curies":[{"name":"wp","href":"https:\/\/api.w.org\/{rel}","templated":true}]}}