{"id":3986,"date":"2023-01-25T08:32:54","date_gmt":"2023-01-25T07:32:54","guid":{"rendered":"https:\/\/www.lagota.ch\/?p=3986"},"modified":"2023-01-25T08:32:54","modified_gmt":"2023-01-25T07:32:54","slug":"nach-sturm-auf-brasilia-80-militars-entlassen-1-030-personen-in-haft","status":"publish","type":"post","link":"https:\/\/www.lagota.ch\/?p=3986","title":{"rendered":"Nach Sturm auf Bras\u00edlia: 80 Milit\u00e4rs entlassen, 1.030 Personen in Haft"},"content":{"rendered":"\n<p><strong>Bras\u00edlia.<\/strong> <strong>W\u00e4hrend die Ermittlungen zur Finanzierung und Planung des Sturms auf den Kongress in Brasilien anhalten, hat Pr\u00e4sident Luiz In\u00e1cio Lula da Silva mehrere hochrangige Milit\u00e4rs entlassen.<\/strong><\/p>\n\n\n\n<figure class=\"wp-block-image size-full\"><a href=\"https:\/\/www.lagota.ch\/wp-content\/uploads\/704x396.jpg\"><img loading=\"lazy\" decoding=\"async\" width=\"704\" height=\"396\" src=\"https:\/\/www.lagota.ch\/wp-content\/uploads\/704x396.jpg\" alt=\"\" class=\"wp-image-3987\" srcset=\"https:\/\/www.lagota.ch\/wp-content\/uploads\/704x396.jpg 704w, https:\/\/www.lagota.ch\/wp-content\/uploads\/704x396-300x169.jpg 300w\" sizes=\"auto, (max-width: 704px) 100vw, 704px\" \/><\/a><\/figure>\n\n\n\n<p>Insgesamt wurden 1.984 Personen <a href=\"https:\/\/noticias.uol.com.br\/ultimas-noticias\/agencia-estado\/2023\/01\/22\/dois-domingos-apos-atos-golpistas-metade-dos-detidos-ja-foi-liberada-da-cadeia.htm\" target=\"_blank\" rel=\"noreferrer noopener\">festgenommen<\/a>. 1.030 davon befinden sich noch im Gewahrsam. 599 Menschen wurden aus humanit\u00e4ren Gr\u00fcnden freigelassen, beispielsweise M\u00fctter mit Kindern, alte, kranke und wohnungslose Menschen. Zudem haben 355 Personen elektronische Fu\u00dffesseln bekommen. Sie d\u00fcrfen laut Richter Alexandre de Moraes vom Obersten Gerichtshof (STF) keine sozialen Medien nutzen und keine Waffen bei sich tragen. Zudem verlieren ihre Reisep\u00e4sse die G\u00fcltigkeit.<\/p>\n\n\n\n<p>Eine Reportage des Magazins Valor zeigt auf, dass zumindest ein Teil der &#8220;Bolsonaristas&#8221; gut auf den Anschlag vorbereitet war. Sowohl das Nutzen von Handschuhen und Masken, als auch die Auswahl der Waffen und das koordinierte Vorgehen <a href=\"https:\/\/www.brasildefato.com.br\/2023\/01\/19\/pf-investiga-se-vandalos-bolsonaristas-receberam-treinamento-antes-do-ataque-a-brasilia\" target=\"_blank\" rel=\"noreferrer noopener\">deuten<\/a> demnach darauf hin, dass die Vorf\u00e4lle l\u00e4nger geplant und vorbereitet waren.<\/p>\n\n\n\n<p>Diesen Verdacht <a href=\"https:\/\/g1.globo.com\/jornal-nacional\/noticia\/2023\/01\/21\/suspeito-detalha-plano-terrorista-executado-na-vespera-do-natal-nas-imediacoes-do-aeroporto-de-brasilia.ghtml\" target=\"_blank\" rel=\"noreferrer noopener\">best\u00e4tigt<\/a> auch die Aussage einer der Personen, die in Verbindung mit dem vereitelten Bombenattentat auf den Flughafen Bras\u00edlia (amerika21 <a href=\"https:\/\/amerika21.de\/2022\/12\/261861\/versuchter-terroranschlag-brasilien\">berichtete<\/a>) in Verbindung gebracht wird. Er sagte aus, dass der Z\u00fcndstoff aus Par\u00e1 gekommen sei, von einem Auftraggeber, der selbst Kurse belegt hat, um zu erfahren, wie Sprengk\u00f6rper hergestellt werden. Die Polizei kommentierte, dass sie sich aufgrund der laufenden Ermittlungen nicht dazu \u00e4u\u00dfern werde.<\/p>\n\n\n\n<p>Das Oberste Gericht untersucht ebenfalls weiterhin die Rolle der Polizei und des Milit\u00e4rs. Pr\u00e4sident Lula hat in diesem Zusammenhang insgesamt 80 hochrangige Milit\u00e4rs des Amtes <a href=\"https:\/\/elpais.com\/internacional\/2023-01-19\/lula-destituye-a-mas-de-80-militares-del-circulo-presidencial-tras-el-asalto-a-los-poderes-en-brasilia.html\" target=\"_blank\" rel=\"noreferrer noopener\">enthoben<\/a>. Sie seien seinem Vorg\u00e4nger loyal, aber nicht der Republik.<\/p>\n\n\n\n<p>Insbesondere <a href=\"https:\/\/www.prensa-latina.cu\/2023\/01\/21\/lula-destituyo-a-comandante-del-ejercito-de-brasil\" target=\"_blank\" rel=\"noreferrer noopener\">kritisiert<\/a> er die fehlende Kommunikation der Nachrichtendienste. &#8220;Wenn ich am Freitag gewusst h\u00e4tte, dass 8.000 Menschen hierherkommen, h\u00e4tte ich Bras\u00edlia nicht verlassen&#8221;, betont er, der selbst nicht vor Ort war, als am 8. Januar Anh\u00e4nger:innen von Ex-Pr\u00e4sident Bolsonaro den Pr\u00e4sidentenpalast, den Obersten Gerichtshof und den Kongress st\u00fcrmten.<\/p>\n\n\n\n<p>Lula hat auch den Armeechef General J\u00falio C\u00e9sar de Arruda entlassen. Der Washington Post zufolge habe Arruda Festnahmen explizit <a href=\"https:\/\/www.brasildefato.com.br\/2023\/01\/21\/lula-troca-comando-do-exercito-treze-dias-apos-ataques-em-brasilia\" target=\"_blank\" rel=\"noreferrer noopener\">verhindert<\/a> und w\u00f6rtlich zu Justizminister Fl\u00e1vio Dino gesagt: &#8220;Ihr werdet hier keine Leute festnehmen&#8221;. Als neuen Kommandeur der Streikr\u00e4fte hat der Pr\u00e4sident General Tom\u00e1s Ribeiro Paiva <a href=\"https:\/\/www1.folha.uol.com.br\/poder\/2023\/01\/lula-nao-vai-perdoar-ataques-golpistas-e-investigacoes-vao-ate-o-fim-diz-mucio.shtml?origin=folha\" target=\"_blank\" rel=\"noreferrer noopener\">eingesetzt<\/a>.<\/p>\n\n\n\n<p>Bolsonaro hingegen h\u00e4lt sich seit dem 30. Dezember in Florida auf. Noch immer ist unklar, wann er nach Brasilien zur\u00fcckkehren wird. In einem offenen Brief haben sich nun mehrere US-Politiker:innen an Pr\u00e4sident Joe Biden gewandt, er m\u00f6ge &#8220;die Demokratie und den brasilianischen Rechtsstaat unterst\u00fctzen&#8221;. Nicht nur solle das Visum von Bolsonaro \u00fcberpr\u00fcft, sondern auch Ermittlungen <a href=\"https:\/\/observador.pt\/2023\/01\/13\/congressistas-democratas-americanos-querem-revogacao-do-visto-de-bolsonaro\/\" target=\"_blank\" rel=\"noreferrer noopener\">aufgenommen<\/a> werden, ob und inwiefern konservative Kr\u00e4fte aus den USA an den Geschehnissen beteiligt gewesen sind.<\/p>\n\n\n\n<p>&#8220;Nach unserem Verst\u00e4ndnis, ist Herr Bolsonaro in die USA eingereist, als er noch Pr\u00e4sident von Brasilien war, m\u00f6glicherweise hat er dies mit einem A-1-Visum getan, das Personen bei diplomatischen oder offiziellen Besuchen vorbehalten ist. Da er nicht mehr Pr\u00e4sident von Brasilien und derzeit kein brasilianischer Beamter ist, bitten wir, seine Situation im Land neu zu bewerten, um zu \u00fcberpr\u00fcfen, ob es eine Rechtsgrundlage f\u00fcr seinen Aufenthalt gibt, und alle diplomatischen Visa, die er m\u00f6glicherweise hat, zu widerrufen&#8221;, <a href=\"https:\/\/g1.globo.com\/mundo\/noticia\/2023\/01\/12\/deputados-americanos-querem-que-fbi-investigue-se-ataque-em-brasilia-foi-planejado-nos-eua.ghtml\" target=\"_blank\" rel=\"noreferrer noopener\">fordern<\/a> die inzwischen 46 Unterzeichner:innen des Dokuments. Man d\u00fcrfe nicht zulassen, dass ehemalige brasilianische Politiker:innen in die USA fl\u00fcchten, um der Strafverfolgung m\u00f6glicherweise begangener Verbrechen zu entgehen.<\/p>\n\n\n\n<p>US-Au\u00dfenminister Antony Blinken erkl\u00e4rte dazu nur, er habe diesbez\u00fcglich keine Forderungen seitens des brasilianischen Staates <a rel=\"noreferrer noopener\" href=\"https:\/\/g1.globo.com\/mundo\/noticia\/2023\/01\/12\/deputados-democratas-dos-eua-pedem-a-biden-revogacao-do-visto-de-bolsonaro.ghtml\" target=\"_blank\">erhalten<\/a>.<br><br>Quelle: <a href=\"https:\/\/amerika21.de\/2023\/01\/262360\/brasilien-bolsonaristas-verhandlungen\">https:\/\/amerika21.de\/2023\/01\/262360\/brasilien-bolsonaristas-verhandlungen<\/a><\/p>\n","protected":false},"excerpt":{"rendered":"<p>Bras\u00edlia. W\u00e4hrend die Ermittlungen zur Finanzierung und Planung des Sturms auf den Kongress in Brasilien anhalten, hat Pr\u00e4sident Luiz In\u00e1cio Lula da Silva mehrere hochrangige Milit\u00e4rs entlassen. Insgesamt wurden 1.984 Personen festgenommen. 1.030 davon befinden sich noch im Gewahrsam. 599 &hellip; <a href=\"https:\/\/www.lagota.ch\/?p=3986\">Continue reading <span class=\"meta-nav\">&rarr;<\/span><\/a><\/p>\n","protected":false},"author":1,"featured_media":0,"comment_status":"closed","ping_status":"open","sticky":false,"template":"","format":"standard","meta":{"footnotes":""},"categories":[13,10],"tags":[1435,1436,669,1434,1122],"class_list":["post-3986","post","type-post","status-publish","format-standard","hentry","category-antifa","category-aus-aller-welt","tag-bolsanaro","tag-brasilia","tag-brasilien","tag-lua","tag-putsch"],"_links":{"self":[{"href":"https:\/\/www.lagota.ch\/index.php?rest_route=\/wp\/v2\/posts\/3986","targetHints":{"allow":["GET"]}}],"collection":[{"href":"https:\/\/www.lagota.ch\/index.php?rest_route=\/wp\/v2\/posts"}],"about":[{"href":"https:\/\/www.lagota.ch\/index.php?rest_route=\/wp\/v2\/types\/post"}],"author":[{"embeddable":true,"href":"https:\/\/www.lagota.ch\/index.php?rest_route=\/wp\/v2\/users\/1"}],"replies":[{"embeddable":true,"href":"https:\/\/www.lagota.ch\/index.php?rest_route=%2Fwp%2Fv2%2Fcomments&post=3986"}],"version-history":[{"count":1,"href":"https:\/\/www.lagota.ch\/index.php?rest_route=\/wp\/v2\/posts\/3986\/revisions"}],"predecessor-version":[{"id":3988,"href":"https:\/\/www.lagota.ch\/index.php?rest_route=\/wp\/v2\/posts\/3986\/revisions\/3988"}],"wp:attachment":[{"href":"https:\/\/www.lagota.ch\/index.php?rest_route=%2Fwp%2Fv2%2Fmedia&parent=3986"}],"wp:term":[{"taxonomy":"category","embeddable":true,"href":"https:\/\/www.lagota.ch\/index.php?rest_route=%2Fwp%2Fv2%2Fcategories&post=3986"},{"taxonomy":"post_tag","embeddable":true,"href":"https:\/\/www.lagota.ch\/index.php?rest_route=%2Fwp%2Fv2%2Ftags&post=3986"}],"curies":[{"name":"wp","href":"https:\/\/api.w.org\/{rel}","templated":true}]}}