{"id":3989,"date":"2023-01-27T10:38:05","date_gmt":"2023-01-27T09:38:05","guid":{"rendered":"https:\/\/www.lagota.ch\/?p=3989"},"modified":"2023-01-27T10:38:05","modified_gmt":"2023-01-27T09:38:05","slug":"wir-haben-einen-traum-kurzfilm-mit-anschliessender-diskussion-27-1-18h-stattkino","status":"publish","type":"post","link":"https:\/\/www.lagota.ch\/?p=3989","title":{"rendered":"&#8220;Wir haben einen Traum&#8221; Kurzfilm mit anschliessender Diskussion (27.1 18h Stattkino)"},"content":{"rendered":"\n<p>Gefl\u00fcchtete sprechen \u00f6ffentlich \u00fcber ihre Probleme und W\u00fcnsche im Zugang zur Bildung. Unsere Gesellschaft sollte den starken Willen und die Motivation von Gefl\u00fcchteten, sich zu bilden, unterst\u00fctzen \u2013 und nicht behindern. Das ist Thema des neuen Kurzfilms \u00abWir haben einen Traum\u00bb.<\/p>\n\n\n\n<figure class=\"wp-block-image size-full\"><a href=\"https:\/\/www.lagota.ch\/wp-content\/uploads\/Bild_web.jpg\"><img loading=\"lazy\" decoding=\"async\" width=\"675\" height=\"441\" src=\"https:\/\/www.lagota.ch\/wp-content\/uploads\/Bild_web.jpg\" alt=\"\" class=\"wp-image-3990\" srcset=\"https:\/\/www.lagota.ch\/wp-content\/uploads\/Bild_web.jpg 675w, https:\/\/www.lagota.ch\/wp-content\/uploads\/Bild_web-300x196.jpg 300w\" sizes=\"auto, (max-width: 675px) 100vw, 675px\" \/><\/a><\/figure>\n\n\n\n<p><strong>VPOD in Kooperation mit dem Verein &#8220;Bildung f\u00fcr alle &#8211; jetzt!&#8221; und Solinetz Luzern.<\/strong><\/p>\n\n\n\n<p>anschliessend Podiumsdiskussion mit Ylfete Fanaj (SP Regierungsratskandidatin),&nbsp;Laura Spring (Kantonsr\u00e4tin Gr\u00fcne),&nbsp;Monika Eicke (Abteilungsleiterin Beratungs- und Informationszentrum f\u00fcr Bildung und Beruf)&nbsp;und zwei betroffenen Personen.<br>Moderation Urban Sager (Mittelschullehrer, Dozent PH Luzern und VPOD -Mitglied).<\/p>\n\n\n\n<p>Anmeldung erw\u00fcnscht:<br><a href=\"https:\/\/zentralschweiz.vpod.ch\/kalender\/2023\/veranstaltung-wir-haben-einen-traum\/\">https:\/\/zentralschweiz.vpod.ch\/kalender\/2023\/veranstaltung-wir-haben-einen-traum\/<\/a><\/p>\n\n\n\n<p><strong>Anschliessend offerierter Apero<\/strong><\/p>\n","protected":false},"excerpt":{"rendered":"<p>Gefl\u00fcchtete sprechen \u00f6ffentlich \u00fcber ihre Probleme und W\u00fcnsche im Zugang zur Bildung. Unsere Gesellschaft sollte den starken Willen und die Motivation von Gefl\u00fcchteten, sich zu bilden, unterst\u00fctzen \u2013 und nicht behindern. Das ist Thema des neuen Kurzfilms \u00abWir haben einen &hellip; <a href=\"https:\/\/www.lagota.ch\/?p=3989\">Continue reading <span class=\"meta-nav\">&rarr;<\/span><\/a><\/p>\n","protected":false},"author":1,"featured_media":0,"comment_status":"closed","ping_status":"open","sticky":false,"template":"","format":"standard","meta":{"footnotes":""},"categories":[11,406,4],"tags":[299,331,1160,1437],"class_list":["post-3989","post","type-post","status-publish","format-standard","hentry","category-luzern","category-migration","category-veranstaltung","tag-arbeit","tag-fluchtlinge","tag-migration","tag-stattkino"],"_links":{"self":[{"href":"https:\/\/www.lagota.ch\/index.php?rest_route=\/wp\/v2\/posts\/3989","targetHints":{"allow":["GET"]}}],"collection":[{"href":"https:\/\/www.lagota.ch\/index.php?rest_route=\/wp\/v2\/posts"}],"about":[{"href":"https:\/\/www.lagota.ch\/index.php?rest_route=\/wp\/v2\/types\/post"}],"author":[{"embeddable":true,"href":"https:\/\/www.lagota.ch\/index.php?rest_route=\/wp\/v2\/users\/1"}],"replies":[{"embeddable":true,"href":"https:\/\/www.lagota.ch\/index.php?rest_route=%2Fwp%2Fv2%2Fcomments&post=3989"}],"version-history":[{"count":1,"href":"https:\/\/www.lagota.ch\/index.php?rest_route=\/wp\/v2\/posts\/3989\/revisions"}],"predecessor-version":[{"id":3991,"href":"https:\/\/www.lagota.ch\/index.php?rest_route=\/wp\/v2\/posts\/3989\/revisions\/3991"}],"wp:attachment":[{"href":"https:\/\/www.lagota.ch\/index.php?rest_route=%2Fwp%2Fv2%2Fmedia&parent=3989"}],"wp:term":[{"taxonomy":"category","embeddable":true,"href":"https:\/\/www.lagota.ch\/index.php?rest_route=%2Fwp%2Fv2%2Fcategories&post=3989"},{"taxonomy":"post_tag","embeddable":true,"href":"https:\/\/www.lagota.ch\/index.php?rest_route=%2Fwp%2Fv2%2Ftags&post=3989"}],"curies":[{"name":"wp","href":"https:\/\/api.w.org\/{rel}","templated":true}]}}