{"id":3996,"date":"2023-02-22T13:04:35","date_gmt":"2023-02-22T12:04:35","guid":{"rendered":"https:\/\/www.lagota.ch\/?p=3996"},"modified":"2023-02-22T13:04:35","modified_gmt":"2023-02-22T12:04:35","slug":"wir-werden-nicht-ruhen-alles-wird-besetzt","status":"publish","type":"post","link":"https:\/\/www.lagota.ch\/?p=3996","title":{"rendered":"Wir werden nicht Ruhen &#8211; Alles wird besetzt!"},"content":{"rendered":"\n<p>Communiqu\u00e9 zur Demo am 18.02.2023 gegen die R\u00e4umung der Kochareal Besetzung<br><br><strong>Zecken im Zentrum, wir bleiben alle, r\u00e4umt nur weiter aber dann gibts Krawalle!<\/strong><\/p>\n\n\n\n<figure class=\"wp-block-image size-full\"><a href=\"https:\/\/www.lagota.ch\/wp-content\/uploads\/arton5638.png\"><img loading=\"lazy\" decoding=\"async\" width=\"710\" height=\"398\" src=\"https:\/\/www.lagota.ch\/wp-content\/uploads\/arton5638.png\" alt=\"\" class=\"wp-image-3997\" srcset=\"https:\/\/www.lagota.ch\/wp-content\/uploads\/arton5638.png 710w, https:\/\/www.lagota.ch\/wp-content\/uploads\/arton5638-300x168.png 300w\" sizes=\"auto, (max-width: 710px) 100vw, 710px\" \/><\/a><\/figure>\n\n\n\n<p>Am Morgen des 16. Februars 2023 habt ihr \u2013 die rot gr\u00fcne Stadt Z\u00fcrich \u2013 das seit \u00fcber zehn Jahren besetzte Koch Areal ger\u00e4umt. Die Bewegung hat einen wichtigen Treffpunkt verloren, 150 Personen haben ihr Zuhause verloren, die ganze Stadt hat ihren autonomen Kulturraum verloren, Europa hat eine der gr\u00f6ssten Besetzung verloren!<\/p>\n\n\n\n<p>\u00dcber tausend Menschen nahmen sich deshalb heute Abend laut und w\u00fctend die Strassen Zureichs, um zu zeigen, dass wir noch lange nicht fertig gekocht haben! Vom Landesmuseum \u00fcber die Zollstrasse zogen wir selbstbestimmt durch den Kreis 4, um danach die Badenerstrasse entlang zur Fritschiwiese zu laufen, um uns dort selbstbestimmt aufzul\u00f6sen.<\/p>\n\n\n\n<p>Dabei wurden mehrere Ziele wie Luxuswohnungen, Banken und Firmengeb\u00e4ude angegriffen und versch\u00f6nert, um zu zeigen, wen wir in unseren Quartieren nicht wollen und dass diese Stadt immernoch uns geh\u00f6rt!<\/p>\n\n\n\n<p><strong>Der Kampf um autonome R\u00e4ume und Wohnraum ist notwendiger denn je!<\/strong><\/p>\n\n\n\n<p>Zur Zeit begnenen wir in Zureich einer fast unvergleichbaren Wohnungsnot. Der Ausverkauf unserer Stadt an Grossunternehmen und Privatinvestor:innen des internationalen Finanzplatzes Z\u00fcrich schreitet ungehindet voran. Gleichzeitig werden neue Besetzungen mit fadenscheinigen Argumenten sofort wieder ger\u00e4umt. Dass Zwischennutzungen nicht dasselbe wie Besetzungen sind und dass wir uns damit nicht zufrieden geben werden, scheint in den K\u00f6pfen der Stadtregierung noch nicht auf Verst\u00e4ndnis zu treffen. Das Koch hat uns nicht zuletzt immer wieder gezeigt, wof\u00fcr wir k\u00e4mpfen:<br>dass Kultur kein Konsumgut ist,<br>dass Arbeit so viel mehr ist als der B\u00fcrojob,<br>dass einem das Dach nicht gleich auf den Kopf f\u00e4llt nur weil man die richtigen Formulare und Bewilligungen und Papierchen nicht eingereicht hat,<br>dass Utopien noch getr\u00e4umt werden k\u00f6nnen!<\/p>\n\n\n\n<p><strong>Sozialer Wohnungsbau als vertretbarer Verlust? Das sehen wir anders!<\/strong><\/p>\n\n\n\n<p>Auf dem Koch Areal werden nun altbekannte Genossenschaften wie das Kraftwerk und die ABZ das hippe, alternative und preisg\u00fcnstige \u201eKoch-Quartier\u201c bauen. Nebst DANKE f\u00fcr das Aneignen unserer Kultur sagen wir: Das ist kein vertretbarer Verlust!<\/p>\n\n\n\n<p>Am 2. Januar 2013 haben wir das ehemalige Industrieareal an der Rautistrasse in Albisrieden besetzt, um uns gegen Gentrifizierung, zu hohe Mieten, Bullenrepression, zu teure Konzerte, die rot-gr\u00fcne Pfl\u00e4sterlipolitik und kontrollierte Zwischennutzungen kollektiv zu organisieren und unsere eigenen Strukturen zu st\u00e4rken. Die damalige Besitzerin des Gel\u00e4ndes, die schweizerische profitgeile Grossbank UBS, die sich den Standort Albisrieden\/ Altstetten schon lange unter den Nagel gerissen hat und etliche Immobilien im Quartier besitzt, wollte damals die Hallen abreissen und Parkpl\u00e4tze \u201ekreieren\u201c. Fast schon ein Gl\u00fcck f\u00fcr die Stadt Z\u00fcrich, die sich damals bereits unter Zugzwang befand, weil sie es schon zu diesem Zeitpunkt vers\u00e4umt gehabt hat, gen\u00fcgend Fl\u00e4che f\u00fcr g\u00fcnstigen Wohnungsbau zu erwerben. Da kam ihr unsere Besetzung gelegen &#8211; f\u00fcr ein Schn\u00e4ppchen von 70 Millionen Franken konnte sie das Areal Ende 2013 von der Grossbank abkaufen und ihrer Pflicht, g\u00fcnstigen Wohnraum zur Verf\u00fcgung zu stellen, nachkommen.<\/p>\n\n\n\n<p><strong>Heute auf der Strasse &#8211; Morgen in den H\u00e4usern<\/strong><\/p>\n\n\n\n<p>Wir sind verdammt h\u00e4ssig und wir werden nicht ruhen! Wir werden die Stadt nicht den Bonzen \u00fcberlassen, die sich die \u00fcberteuerten Mietpreise leisten k\u00f6nnen. Zureich braucht R\u00e4ume wie das Kochareal. Platz zum Wohnen, zum Diskutieren, zum Experimentieren, um sich zu vernetzen, um aufeinander aufzupassen, um Kultur zu leben.<\/p>\n\n\n\n<p>F\u00fcr die Kollektivit\u00e4t,<\/p>\n\n\n\n<p>f\u00fcr unkommerzielle R\u00e4ume und g\u00fcnstigen Wohnraum in dieser ausverkauften Stadt,<\/p>\n\n\n\n<p>f\u00fcr die soziale Revolution!<\/p>\n\n\n\n<p>Wir kochen weiter \u2013 alles wird besetzt!<\/p>\n\n\n\n<p><\/p>\n\n\n\n<p>Quelle: <a href=\"https:\/\/barrikade.info\/article\/5638\">https:\/\/barrikade.info\/article\/5638<\/a><\/p>\n","protected":false},"excerpt":{"rendered":"<p>Communiqu\u00e9 zur Demo am 18.02.2023 gegen die R\u00e4umung der Kochareal Besetzung Zecken im Zentrum, wir bleiben alle, r\u00e4umt nur weiter aber dann gibts Krawalle! Am Morgen des 16. Februars 2023 habt ihr \u2013 die rot gr\u00fcne Stadt Z\u00fcrich \u2013 das &hellip; <a href=\"https:\/\/www.lagota.ch\/?p=3996\">Continue reading <span class=\"meta-nav\">&rarr;<\/span><\/a><\/p>\n","protected":false},"author":1,"featured_media":0,"comment_status":"closed","ping_status":"open","sticky":false,"template":"","format":"standard","meta":{"footnotes":""},"categories":[16,18],"tags":[769,1296,1441,92,121],"class_list":["post-3996","post","type-post","status-publish","format-standard","hentry","category-schweiz","category-squat-the-world","tag-autonomie","tag-besetzungen","tag-koch-areal","tag-squat","tag-zurich"],"_links":{"self":[{"href":"https:\/\/www.lagota.ch\/index.php?rest_route=\/wp\/v2\/posts\/3996","targetHints":{"allow":["GET"]}}],"collection":[{"href":"https:\/\/www.lagota.ch\/index.php?rest_route=\/wp\/v2\/posts"}],"about":[{"href":"https:\/\/www.lagota.ch\/index.php?rest_route=\/wp\/v2\/types\/post"}],"author":[{"embeddable":true,"href":"https:\/\/www.lagota.ch\/index.php?rest_route=\/wp\/v2\/users\/1"}],"replies":[{"embeddable":true,"href":"https:\/\/www.lagota.ch\/index.php?rest_route=%2Fwp%2Fv2%2Fcomments&post=3996"}],"version-history":[{"count":1,"href":"https:\/\/www.lagota.ch\/index.php?rest_route=\/wp\/v2\/posts\/3996\/revisions"}],"predecessor-version":[{"id":3998,"href":"https:\/\/www.lagota.ch\/index.php?rest_route=\/wp\/v2\/posts\/3996\/revisions\/3998"}],"wp:attachment":[{"href":"https:\/\/www.lagota.ch\/index.php?rest_route=%2Fwp%2Fv2%2Fmedia&parent=3996"}],"wp:term":[{"taxonomy":"category","embeddable":true,"href":"https:\/\/www.lagota.ch\/index.php?rest_route=%2Fwp%2Fv2%2Fcategories&post=3996"},{"taxonomy":"post_tag","embeddable":true,"href":"https:\/\/www.lagota.ch\/index.php?rest_route=%2Fwp%2Fv2%2Ftags&post=3996"}],"curies":[{"name":"wp","href":"https:\/\/api.w.org\/{rel}","templated":true}]}}