{"id":3999,"date":"2023-03-01T09:21:24","date_gmt":"2023-03-01T08:21:24","guid":{"rendered":"https:\/\/www.lagota.ch\/?p=3999"},"modified":"2023-03-01T09:21:24","modified_gmt":"2023-03-01T08:21:24","slug":"heute-streik-morgen-revolution","status":"publish","type":"post","link":"https:\/\/www.lagota.ch\/?p=3999","title":{"rendered":"Heute Streik &#8211; Morgen Revolution!"},"content":{"rendered":"\n<p><strong>Frauenl\u00f6hne rauf! Arbeitszeiten runter!- LEBEN STATT PROFIT!<\/strong><\/p>\n\n\n\n<figure class=\"wp-block-image size-large\"><a href=\"https:\/\/www.lagota.ch\/wp-content\/uploads\/Bildschirmfoto-2023-02-06-um-18.06.01.png\"><img loading=\"lazy\" decoding=\"async\" width=\"1024\" height=\"724\" src=\"https:\/\/www.lagota.ch\/wp-content\/uploads\/Bildschirmfoto-2023-02-06-um-18.06.01-1024x724.png\" alt=\"\" class=\"wp-image-4000\" srcset=\"https:\/\/www.lagota.ch\/wp-content\/uploads\/Bildschirmfoto-2023-02-06-um-18.06.01-1024x724.png 1024w, https:\/\/www.lagota.ch\/wp-content\/uploads\/Bildschirmfoto-2023-02-06-um-18.06.01-300x212.png 300w, https:\/\/www.lagota.ch\/wp-content\/uploads\/Bildschirmfoto-2023-02-06-um-18.06.01-768x543.png 768w, https:\/\/www.lagota.ch\/wp-content\/uploads\/Bildschirmfoto-2023-02-06-um-18.06.01-1536x1086.png 1536w, https:\/\/www.lagota.ch\/wp-content\/uploads\/Bildschirmfoto-2023-02-06-um-18.06.01-2048x1447.png 2048w\" sizes=\"auto, (max-width: 1024px) 100vw, 1024px\" \/><\/a><\/figure>\n\n\n\n<p>Wir leben in krisenhaften Zeit. Wenn wir die Zeitungen aufschlagen, lesen wir t\u00e4glich von Krieg, Klimakrise und Versch\u00e4rfungen der Arbeits- und Lebensbedingungen der proletarischen und kleinb\u00fcrgerlichen Klassen. Als Frauen und queere Personen, insbesondere wenn wir Lohn- UND Familienarbeit leisten m\u00fcssen, sind wir die Ersten die davon betroffen sind. Darum nehmen wir uns zum diesj\u00e4hrigen internationalen Frauenkampftag und feministischen Kampftag die Strasse.<\/p>\n\n\n\n<p>Unser Motto: <strong>\u00abFrauenl\u00f6hne rauf! Arbeitszeiten runter! Leben statt Profit!\u00bb.<\/strong><\/p>\n\n\n\n<p>Die L\u00f6hne stagnieren, die Inflation steigt, die Preise f\u00fcr Lebensmittel aller Art gehen in die H\u00f6he, die AHV wird beschnitten, die Armut steigt. Feminisierte Berufe, wie die meisten Care- und Bildungs-Berufe, sind unterbezahlt. Wurden schon im Normalbetrieb \u00dcberstunden oft nicht abgebaut, wurde dies w\u00e4hrend der Pandemie noch schlimmer. Dies f\u00fchrt logischerweise zu einem Abgang von Fachkr\u00e4ften, die einfach keinen Bock mehr haben auf diese \u00dcberbelastung bei gleichzeitiger Unterbezahlung.<\/p>\n\n\n\n<p>Deshalb sagen wir: <strong>HEUTE STREIK \u2013 MORGEN REVOLUTION!<\/strong><\/p>\n\n\n\n<p>Die Klimakrise steht in direktem Zusammenhang damit, wie im patriarchalen Kapitalismus produziert wird: n\u00e4mlich profitorientiert und nicht bedarfsorientiert. Unsere Vision ist, das Leben ins Zentrum zu stellen, nicht den Profit, das Miteinander und F\u00fcreinander. Ein Schritt dahin ist die Forderung: Arbeitszeiten runter bei gleichem Lohn!<\/p>\n\n\n\n<p>Und nicht zuletzt gehen wir in Solidarit\u00e4t und im gemeinsamen Kampf mit den iranischen, kurdischen und lateinamerikanischen Aktivist_innen auf die Strasse \u2013 und wo auch immer rund um den Globus. Bek\u00e4mpfen wir den patriarchalen Kapitalismus im Herzen der Bestie.<\/p>\n\n\n\n<p>Kommt mit uns auf die Strasse, streiken wir, am 8. M\u00e4rz, am 1. Mai und am 14. Juni.<\/p>\n\n\n\n<p>F\u00fcr die Revolution.<\/p>\n\n\n\n<p>F\u00fcr das Leben.<\/p>\n\n\n\n<p>F\u00fcr den Kommunismus.<\/p>\n\n\n\n<p><strong>Winterthur 8.3 19h Steinberggasse \/\/ Basel 8.3 19h B\u00e4rf\u00fcsserplatz \/\/ Z\u00fcrich 11.3 13:30h M\u00fcnsterhof<\/strong><\/p>\n","protected":false},"excerpt":{"rendered":"<p>Frauenl\u00f6hne rauf! Arbeitszeiten runter!- LEBEN STATT PROFIT! Wir leben in krisenhaften Zeit. Wenn wir die Zeitungen aufschlagen, lesen wir t\u00e4glich von Krieg, Klimakrise und Versch\u00e4rfungen der Arbeits- und Lebensbedingungen der proletarischen und kleinb\u00fcrgerlichen Klassen. Als Frauen und queere Personen, insbesondere &hellip; <a href=\"https:\/\/www.lagota.ch\/?p=3999\">Continue reading <span class=\"meta-nav\">&rarr;<\/span><\/a><\/p>\n","protected":false},"author":1,"featured_media":0,"comment_status":"closed","ping_status":"open","sticky":false,"template":"","format":"standard","meta":{"footnotes":""},"categories":[242,16,4],"tags":[491,32,88],"class_list":["post-3999","post","type-post","status-publish","format-standard","hentry","category-emanzipation","category-schweiz","category-veranstaltung","tag-8-marz","tag-revolution","tag-streik"],"_links":{"self":[{"href":"https:\/\/www.lagota.ch\/index.php?rest_route=\/wp\/v2\/posts\/3999","targetHints":{"allow":["GET"]}}],"collection":[{"href":"https:\/\/www.lagota.ch\/index.php?rest_route=\/wp\/v2\/posts"}],"about":[{"href":"https:\/\/www.lagota.ch\/index.php?rest_route=\/wp\/v2\/types\/post"}],"author":[{"embeddable":true,"href":"https:\/\/www.lagota.ch\/index.php?rest_route=\/wp\/v2\/users\/1"}],"replies":[{"embeddable":true,"href":"https:\/\/www.lagota.ch\/index.php?rest_route=%2Fwp%2Fv2%2Fcomments&post=3999"}],"version-history":[{"count":1,"href":"https:\/\/www.lagota.ch\/index.php?rest_route=\/wp\/v2\/posts\/3999\/revisions"}],"predecessor-version":[{"id":4001,"href":"https:\/\/www.lagota.ch\/index.php?rest_route=\/wp\/v2\/posts\/3999\/revisions\/4001"}],"wp:attachment":[{"href":"https:\/\/www.lagota.ch\/index.php?rest_route=%2Fwp%2Fv2%2Fmedia&parent=3999"}],"wp:term":[{"taxonomy":"category","embeddable":true,"href":"https:\/\/www.lagota.ch\/index.php?rest_route=%2Fwp%2Fv2%2Fcategories&post=3999"},{"taxonomy":"post_tag","embeddable":true,"href":"https:\/\/www.lagota.ch\/index.php?rest_route=%2Fwp%2Fv2%2Ftags&post=3999"}],"curies":[{"name":"wp","href":"https:\/\/api.w.org\/{rel}","templated":true}]}}