{"id":4003,"date":"2023-03-05T16:30:55","date_gmt":"2023-03-05T15:30:55","guid":{"rendered":"https:\/\/www.lagota.ch\/?p=4003"},"modified":"2023-03-05T16:30:55","modified_gmt":"2023-03-05T15:30:55","slug":"das-transkulturelle-frauenfest-in-luzern","status":"publish","type":"post","link":"https:\/\/www.lagota.ch\/?p=4003","title":{"rendered":"Das transkulturelle Frauenfest in Luzern"},"content":{"rendered":"\n<p>Nach einer langen Corona-Pause feiert Luzern&nbsp;im Rahmen vom internationalen Frauentag am 8. M\u00e4rz endlich wieder das transkulturelle Frauenfest. Es findet am <strong>Samstag, 04. M\u00e4rz 2023 im Paulusheim (Moosmattstrasse, 4, 6005 Luzern) zwischen 16:00-21:00 Uhr statt. Plus ab 12:00 Uhr die Workshops. <\/strong>Der Eintritt ist 5.- inklusive Workshops.<\/p>\n\n\n\n<figure class=\"wp-block-image size-large\"><a href=\"https:\/\/www.lagota.ch\/wp-content\/uploads\/csm_Flyer_OYA_Frauenfest_Seite_1_75aa2ce194.jpg\"><img loading=\"lazy\" decoding=\"async\" width=\"797\" height=\"1024\" src=\"https:\/\/www.lagota.ch\/wp-content\/uploads\/csm_Flyer_OYA_Frauenfest_Seite_1_75aa2ce194-797x1024.jpg\" alt=\"\" class=\"wp-image-4004\" srcset=\"https:\/\/www.lagota.ch\/wp-content\/uploads\/csm_Flyer_OYA_Frauenfest_Seite_1_75aa2ce194-797x1024.jpg 797w, https:\/\/www.lagota.ch\/wp-content\/uploads\/csm_Flyer_OYA_Frauenfest_Seite_1_75aa2ce194-233x300.jpg 233w, https:\/\/www.lagota.ch\/wp-content\/uploads\/csm_Flyer_OYA_Frauenfest_Seite_1_75aa2ce194-768x987.jpg 768w, https:\/\/www.lagota.ch\/wp-content\/uploads\/csm_Flyer_OYA_Frauenfest_Seite_1_75aa2ce194.jpg 1100w\" sizes=\"auto, (max-width: 797px) 100vw, 797px\" \/><\/a><\/figure>\n\n\n\n<p>Es wurde ein reiches Festprogramm f\u00fcr euch zusammengestellt: Tamilische&nbsp;Tanzgruppe, Walzer-Tanz,&nbsp; Moderner Taz,&nbsp;Kurdische Lieder, Klassische- und Jazzmusik, Worldmusik mit DJ Emina&nbsp;, Trommelkl\u00e4nge, Kinderprogramm, Videobeitrag \u00fcber Frauenbewegung, Frauenportr\u00e4ts, kurzes Gespr\u00e4ch mit den luzerner Politikerinnen Ylfete Fanaj und Christa Wenger, Kunstaustellung, Workshops (Yoga, Tahiti-Tanz, Selbstvertedigung, Malen, Demokratie und Frauenrechte), Suppen aus verschiedenen Kulturen, selbstgebackene Brote\/Kuchen aus aller Welt, Getr\u00e4nke-Buffet und vieles mehr.<\/p>\n","protected":false},"excerpt":{"rendered":"<p>Nach einer langen Corona-Pause feiert Luzern&nbsp;im Rahmen vom internationalen Frauentag am 8. M\u00e4rz endlich wieder das transkulturelle Frauenfest. Es findet am Samstag, 04. M\u00e4rz 2023 im Paulusheim (Moosmattstrasse, 4, 6005 Luzern) zwischen 16:00-21:00 Uhr statt. Plus ab 12:00 Uhr die &hellip; <a href=\"https:\/\/www.lagota.ch\/?p=4003\">Continue reading <span class=\"meta-nav\">&rarr;<\/span><\/a><\/p>\n","protected":false},"author":1,"featured_media":0,"comment_status":"closed","ping_status":"open","sticky":false,"template":"","format":"standard","meta":{"footnotes":""},"categories":[242,11,4],"tags":[491,1442,244,748],"class_list":["post-4003","post","type-post","status-publish","format-standard","hentry","category-emanzipation","category-luzern","category-veranstaltung","tag-8-marz","tag-frauenfest","tag-frauentag","tag-paulusheim"],"_links":{"self":[{"href":"https:\/\/www.lagota.ch\/index.php?rest_route=\/wp\/v2\/posts\/4003","targetHints":{"allow":["GET"]}}],"collection":[{"href":"https:\/\/www.lagota.ch\/index.php?rest_route=\/wp\/v2\/posts"}],"about":[{"href":"https:\/\/www.lagota.ch\/index.php?rest_route=\/wp\/v2\/types\/post"}],"author":[{"embeddable":true,"href":"https:\/\/www.lagota.ch\/index.php?rest_route=\/wp\/v2\/users\/1"}],"replies":[{"embeddable":true,"href":"https:\/\/www.lagota.ch\/index.php?rest_route=%2Fwp%2Fv2%2Fcomments&post=4003"}],"version-history":[{"count":1,"href":"https:\/\/www.lagota.ch\/index.php?rest_route=\/wp\/v2\/posts\/4003\/revisions"}],"predecessor-version":[{"id":4005,"href":"https:\/\/www.lagota.ch\/index.php?rest_route=\/wp\/v2\/posts\/4003\/revisions\/4005"}],"wp:attachment":[{"href":"https:\/\/www.lagota.ch\/index.php?rest_route=%2Fwp%2Fv2%2Fmedia&parent=4003"}],"wp:term":[{"taxonomy":"category","embeddable":true,"href":"https:\/\/www.lagota.ch\/index.php?rest_route=%2Fwp%2Fv2%2Fcategories&post=4003"},{"taxonomy":"post_tag","embeddable":true,"href":"https:\/\/www.lagota.ch\/index.php?rest_route=%2Fwp%2Fv2%2Ftags&post=4003"}],"curies":[{"name":"wp","href":"https:\/\/api.w.org\/{rel}","templated":true}]}}