{"id":4019,"date":"2023-04-03T10:55:33","date_gmt":"2023-04-03T09:55:33","guid":{"rendered":"https:\/\/www.lagota.ch\/?p=4019"},"modified":"2023-04-03T10:55:33","modified_gmt":"2023-04-03T09:55:33","slug":"kein-frieden-mit-schwurblerinnen-den-rechten-aufmarsch-verhindern","status":"publish","type":"post","link":"https:\/\/www.lagota.ch\/?p=4019","title":{"rendered":"Kein Frieden mit Schwurbler:innen &#8211; Den rechten Aufmarsch verhindern!"},"content":{"rendered":"\n<p><strong>Kein Frieden mit Schwurbler:innen &#8211; Kein Fleck dem Putin-Dreck!<\/strong><\/p>\n\n\n\n<p><strong>Sonntag, 7. Mai, 11.30 Uhr, Neumarkt Winterthur<\/strong><\/p>\n\n\n\n<p><strong>Den rechten Aufmarsch verhindern!<\/strong><\/p>\n\n\n\n<figure class=\"wp-block-image size-full\"><a href=\"https:\/\/www.lagota.ch\/wp-content\/uploads\/arton5817.png\"><img loading=\"lazy\" decoding=\"async\" width=\"710\" height=\"398\" src=\"https:\/\/www.lagota.ch\/wp-content\/uploads\/arton5817.png\" alt=\"\" class=\"wp-image-4020\" srcset=\"https:\/\/www.lagota.ch\/wp-content\/uploads\/arton5817.png 710w, https:\/\/www.lagota.ch\/wp-content\/uploads\/arton5817-300x168.png 300w\" sizes=\"auto, (max-width: 710px) 100vw, 710px\" \/><\/a><\/figure>\n\n\n\n<p>Kaum sind die reaktion\u00e4ren Demos gegen die Corona-Massnahmen Geschichte, geht die gleiche Klientel aus Eso-Schwurbler:innen, Faschos und stolzen Eidgenossen wieder auf die Strasse. Diesmal unter dem Deckmantel des \u00abFriedens\u00bb und der \u00abNeutralit\u00e4t\u00bb. Doch die selbsternannten Friedensfreund:innen sind nichts anderes als die n\u00fctzlichen Idioten:innen von Diktator Putin. Mehr noch: Sie bewundern den Kreml-Herrscher als \u00abK\u00e4mpfer gegen den Mainstream\u00bb und \u00abdie Genderideologie\u00bb. Auch Putins Ambitionen auf ein \u00abeurasisches\u00bb Grossreich unter autorit\u00e4rer F\u00fchrung mit ultrakonservativen Werten kommen bei den Verschw\u00f6rungsgl\u00e4ubigen sehr gut an.<\/p>\n\n\n\n<p><strong>Kein Platz f\u00fcr Trychler&#8230;<\/strong><\/p>\n\n\n\n<p>Und jetzt mobilisiert diese widerw\u00e4rtige Szene abermals nach Winterthur! Am Sonntag, den 7. Mai wollen sie die Stadt w\u00e4hrend eines ganzen Tages belagern. Geplant ist ein \u00abFreiluft-Kongress\u00bb auf dem Neumarkt und eine Demonstration. Auch diesmal inklusive Kuhglocken-Konzert der Freiheitstrychler. Diese \u00fcbrigens br\u00fcllen mittlerweile den faschistischen \u00abHarus\u00bb-Gruss, marschieren zusammen mit den Neonazis der Jungen Tat gegen Gefl\u00fcchtete, und tragen an ihren Edelweiss-Kutten neu auch das Russland-Wappen.<\/p>\n\n\n\n<p><strong>&#8230; keine B\u00fchne der AfD!<\/strong><\/p>\n\n\n\n<p>Als Stargast hat das aufrufende \u00abVerfassungsb\u00fcndnis Schweiz\u00bb Rainer Rothfuss geladen, er ist Bundestagsabgeordneter der russlandh\u00f6rigen Nazi-Partei AfD und ein fanatischer Verschw\u00f6rungstheoretiker. Auch Alec Gagneux, der Initiator der rassistischen Ecopop-Initiative, soll sprechen, oder Istvan Hunter, ein Aktivist der politischen Anthroposophie.<\/p>\n\n\n\n<p><strong>Zeit f\u00fcr Widerstand!<\/strong><\/p>\n\n\n\n<p>In den letzten Jahren war Winterthur wiederholt zum Aufmarschgebiet der Schwurbler-Szene geworden. Manchmal fluteten Tausende unsere Stadt, darunter immer wieder auch Rechtsextreme und Neonazis. Das werden wir nicht mehr tolerieren! Falls die Putinist:innen an ihrer Mobilisierung festhalten, sollten sie eines wissen: Wir werden euch keine Ruhe lassen! Jedem Versammlungs- und Demonstrationsversuch werden wir uns entgegenstellen \u2013 und zwar entschlossen und in Massen! Winterthur bleibt nazifrei!<br>Zugleich werden wir den Tag nutzen um die einzig nachhaltige Friedensbotschaft zu transportieren: die des radikalen Antikapitalismus! Denn es ist der Kapitalismus, der in s\u00e4mtlichen Bereichen brutale Konkurrenz, Ausbeutung und st\u00e4ndige Expansion bef\u00f6rdert und voraussetzt. Krieg ist dabei sein nat\u00fcrlicher Begleiter \u2013 \u00fcberall.<br><br>Quelle: <a href=\"https:\/\/barrikade.info\/article\/5817\">https:\/\/barrikade.info\/article\/5817<\/a><\/p>\n","protected":false},"excerpt":{"rendered":"<p>Kein Frieden mit Schwurbler:innen &#8211; Kein Fleck dem Putin-Dreck! Sonntag, 7. Mai, 11.30 Uhr, Neumarkt Winterthur Den rechten Aufmarsch verhindern! Kaum sind die reaktion\u00e4ren Demos gegen die Corona-Massnahmen Geschichte, geht die gleiche Klientel aus Eso-Schwurbler:innen, Faschos und stolzen Eidgenossen wieder &hellip; <a href=\"https:\/\/www.lagota.ch\/?p=4019\">Continue reading <span class=\"meta-nav\">&rarr;<\/span><\/a><\/p>\n","protected":false},"author":1,"featured_media":0,"comment_status":"closed","ping_status":"open","sticky":false,"template":"","format":"standard","meta":{"footnotes":""},"categories":[13,16,4],"tags":[1031,1249,1447,471],"class_list":["post-4019","post","type-post","status-publish","format-standard","hentry","category-antifa","category-schweiz","category-veranstaltung","tag-afd","tag-schwurbler","tag-trychler","tag-winterthur"],"_links":{"self":[{"href":"https:\/\/www.lagota.ch\/index.php?rest_route=\/wp\/v2\/posts\/4019","targetHints":{"allow":["GET"]}}],"collection":[{"href":"https:\/\/www.lagota.ch\/index.php?rest_route=\/wp\/v2\/posts"}],"about":[{"href":"https:\/\/www.lagota.ch\/index.php?rest_route=\/wp\/v2\/types\/post"}],"author":[{"embeddable":true,"href":"https:\/\/www.lagota.ch\/index.php?rest_route=\/wp\/v2\/users\/1"}],"replies":[{"embeddable":true,"href":"https:\/\/www.lagota.ch\/index.php?rest_route=%2Fwp%2Fv2%2Fcomments&post=4019"}],"version-history":[{"count":1,"href":"https:\/\/www.lagota.ch\/index.php?rest_route=\/wp\/v2\/posts\/4019\/revisions"}],"predecessor-version":[{"id":4021,"href":"https:\/\/www.lagota.ch\/index.php?rest_route=\/wp\/v2\/posts\/4019\/revisions\/4021"}],"wp:attachment":[{"href":"https:\/\/www.lagota.ch\/index.php?rest_route=%2Fwp%2Fv2%2Fmedia&parent=4019"}],"wp:term":[{"taxonomy":"category","embeddable":true,"href":"https:\/\/www.lagota.ch\/index.php?rest_route=%2Fwp%2Fv2%2Fcategories&post=4019"},{"taxonomy":"post_tag","embeddable":true,"href":"https:\/\/www.lagota.ch\/index.php?rest_route=%2Fwp%2Fv2%2Ftags&post=4019"}],"curies":[{"name":"wp","href":"https:\/\/api.w.org\/{rel}","templated":true}]}}