{"id":4033,"date":"2023-05-08T16:38:27","date_gmt":"2023-05-08T15:38:27","guid":{"rendered":"https:\/\/www.lagota.ch\/?p=4033"},"modified":"2023-05-08T16:38:27","modified_gmt":"2023-05-08T15:38:27","slug":"solidaritatserklarung-zu-den-ereignissen-am-1-mai-2023-in-zurich","status":"publish","type":"post","link":"https:\/\/www.lagota.ch\/?p=4033","title":{"rendered":"Solidarit\u00e4tserkl\u00e4rung zu den Ereignissen am 1. Mai 2023 in Z\u00fcrich"},"content":{"rendered":"\n<p>Am 1. Mai haben die Bullen in Z\u00fcrich einem jungen Genossen mit Gummischrot ein Auge weggeschossen. Ein weiterer junger Genosse erlitt eine schwere Verletzung an der Hand.<\/p>\n\n\n\n<figure class=\"wp-block-image size-full\"><a href=\"https:\/\/www.lagota.ch\/wp-content\/uploads\/1MaiMorgen2-678x381-1.jpg\"><img loading=\"lazy\" decoding=\"async\" width=\"678\" height=\"381\" src=\"https:\/\/www.lagota.ch\/wp-content\/uploads\/1MaiMorgen2-678x381-1.jpg\" alt=\"\" class=\"wp-image-4034\" srcset=\"https:\/\/www.lagota.ch\/wp-content\/uploads\/1MaiMorgen2-678x381-1.jpg 678w, https:\/\/www.lagota.ch\/wp-content\/uploads\/1MaiMorgen2-678x381-1-300x169.jpg 300w\" sizes=\"auto, (max-width: 678px) 100vw, 678px\" \/><\/a><\/figure>\n\n\n\n<p>Diese Verletzungen sind kein Versehen. Dass der b\u00fcrgerliche Staat die Interessen des Kapitals verteidigt und durchsetzt, ist nichts Neues. Er tut dies mit allen m\u00f6glichen Mitteln, auch mit brachialen. Dass dabei massive Verletzungen zugef\u00fcgt werden, wird bewusst in Kauf genommen. Doch mit ihrer Gewalt l\u00f6sen sie die gesellschaftlichen Widerspr\u00fcche nicht. Solange die Gesellschaft in Klassen geteilt ist, solange es die Klassenwiderspr\u00fcche gibt, wird es auch Klassenk\u00e4mpfe geben.<\/p>\n\n\n\n<p>Die Repression hat die b\u00fcrgerliche Politik zu verantworten und wird auch von der SP und den Gr\u00fcnen mitgetragen. Gerade jetzt in Zeiten der Krise, wo sich die gesellschaftlichen Widerspr\u00fcche zuspitzen und sich revolution\u00e4re Bewegungen im Aufschwung befinden, sind die Angriffe der Herrschenden keine \u00dcberraschung. Sie wollen verhindern, dass wir, wie an der revolution\u00e4ren 1. Mai-Demo, die verschiedenen K\u00e4mpfe verbinden und unsere Wut gemeinsam auf die Strasse tragen. So auch in Basel, wo am 1. Mai der antikapitalistische Block eingekesselt wurde. Ein weiterer Angriff, wie schon auf die Demonstration zum 8. M\u00e4rz.<\/p>\n\n\n\n<p>Auch andernorts sehen wir, wie die herrschende Klasse mit Gewalt antwortet. So zum Beispiel in Frankreich, wo die Staatsgewalt in den letzten Jahren immer wieder f\u00fcr schwere Verletzungen verantwortlich war. Denken wir an die Proteste der Gilets Jaunes, wo es zu vielen schweren Augenverletzungen kam, herbeigef\u00fchrt mit Waffen aus Schweizer Produktion. Oder an die K\u00e4mpfe gegen das Megabecken von Sainte-Soline, wo ein Genosse von den Bullen so schwer verletzt wurde, dass er einen Monat im Koma lag.<\/p>\n\n\n\n<p>Der zentrale Widerspruch besteht zwischen den revolution\u00e4ren Bewegungen und dem b\u00fcrgerlichen Staat, dessen Job es ist, die Interessen der Konzerne, Banken und Bonzen zu sch\u00fctzen. Diese gilt es zu denunzieren und anzugreifen.<\/p>\n\n\n\n<p>Zufall ist es, wen von uns ihre Angriffe treffen. Gemeint sind wir alle, die gegen die barbarischen kapitalistischen Zust\u00e4nde k\u00e4mpfen. Doch wir lassen uns nicht einsch\u00fcchtern und werden den Kampf gegen Ausbeutung, Unterdr\u00fcckung und Umweltzerst\u00f6rung weiterhin auf die Strasse tragen. Stehen wir zusammen, handeln wir kollektiv und organisieren wir uns. Suchen wir vereint nach Wegen in die Offensive.<\/p>\n\n\n\n<p>Wir werden gemeinsame Antworten auf ihre Angriffe finden.<\/p>\n\n\n\n<p>Getroffen hat es Einzelne \u2013 gemeint sind wir alle!<\/p>\n\n\n\n<p>Solidarit\u00e4t mit den Verletzten und Gefangenen vom 1. Mai \u2013 hier und \u00fcberall!<\/p>\n\n\n\n<p>Revolution\u00e4rer Aufbau Schweiz<\/p>\n\n\n\n<p>5.5.2023<\/p>\n","protected":false},"excerpt":{"rendered":"<p>Am 1. Mai haben die Bullen in Z\u00fcrich einem jungen Genossen mit Gummischrot ein Auge weggeschossen. Ein weiterer junger Genosse erlitt eine schwere Verletzung an der Hand. Diese Verletzungen sind kein Versehen. Dass der b\u00fcrgerliche Staat die Interessen des Kapitals &hellip; <a href=\"https:\/\/www.lagota.ch\/?p=4033\">Continue reading <span class=\"meta-nav\">&rarr;<\/span><\/a><\/p>\n","protected":false},"author":1,"featured_media":0,"comment_status":"closed","ping_status":"open","sticky":false,"template":"","format":"standard","meta":{"footnotes":""},"categories":[49,14,16,681,108],"tags":[1374,1453,76,27,121],"class_list":["post-4033","post","type-post","status-publish","format-standard","hentry","category-antirep","category-arbeitskampf","category-schweiz","category-verdrangung","category-wirtschaftskrise","tag-1-mai-2","tag-gummischrott","tag-kapitalismus","tag-repression","tag-zurich"],"_links":{"self":[{"href":"https:\/\/www.lagota.ch\/index.php?rest_route=\/wp\/v2\/posts\/4033","targetHints":{"allow":["GET"]}}],"collection":[{"href":"https:\/\/www.lagota.ch\/index.php?rest_route=\/wp\/v2\/posts"}],"about":[{"href":"https:\/\/www.lagota.ch\/index.php?rest_route=\/wp\/v2\/types\/post"}],"author":[{"embeddable":true,"href":"https:\/\/www.lagota.ch\/index.php?rest_route=\/wp\/v2\/users\/1"}],"replies":[{"embeddable":true,"href":"https:\/\/www.lagota.ch\/index.php?rest_route=%2Fwp%2Fv2%2Fcomments&post=4033"}],"version-history":[{"count":1,"href":"https:\/\/www.lagota.ch\/index.php?rest_route=\/wp\/v2\/posts\/4033\/revisions"}],"predecessor-version":[{"id":4035,"href":"https:\/\/www.lagota.ch\/index.php?rest_route=\/wp\/v2\/posts\/4033\/revisions\/4035"}],"wp:attachment":[{"href":"https:\/\/www.lagota.ch\/index.php?rest_route=%2Fwp%2Fv2%2Fmedia&parent=4033"}],"wp:term":[{"taxonomy":"category","embeddable":true,"href":"https:\/\/www.lagota.ch\/index.php?rest_route=%2Fwp%2Fv2%2Fcategories&post=4033"},{"taxonomy":"post_tag","embeddable":true,"href":"https:\/\/www.lagota.ch\/index.php?rest_route=%2Fwp%2Fv2%2Ftags&post=4033"}],"curies":[{"name":"wp","href":"https:\/\/api.w.org\/{rel}","templated":true}]}}