{"id":4062,"date":"2023-07-29T11:58:28","date_gmt":"2023-07-29T10:58:28","guid":{"rendered":"https:\/\/www.lagota.ch\/?p=4062"},"modified":"2023-07-29T11:58:28","modified_gmt":"2023-07-29T10:58:28","slug":"no-borders-klimacamp-basel-2023","status":"publish","type":"post","link":"https:\/\/www.lagota.ch\/?p=4062","title":{"rendered":"No Borders Klimacamp Basel 2023"},"content":{"rendered":"\n<p><\/p>\n\n\n\n<figure class=\"wp-block-image size-large\"><a href=\"https:\/\/www.lagota.ch\/wp-content\/uploads\/flyerkurz1.png\"><img loading=\"lazy\" decoding=\"async\" width=\"729\" height=\"1024\" src=\"https:\/\/www.lagota.ch\/wp-content\/uploads\/flyerkurz1-729x1024.png\" alt=\"\" class=\"wp-image-4063\" srcset=\"https:\/\/www.lagota.ch\/wp-content\/uploads\/flyerkurz1-729x1024.png 729w, https:\/\/www.lagota.ch\/wp-content\/uploads\/flyerkurz1-214x300.png 214w, https:\/\/www.lagota.ch\/wp-content\/uploads\/flyerkurz1-768x1078.png 768w, https:\/\/www.lagota.ch\/wp-content\/uploads\/flyerkurz1-1094x1536.png 1094w, https:\/\/www.lagota.ch\/wp-content\/uploads\/flyerkurz1-1458x2048.png 1458w\" sizes=\"auto, (max-width: 729px) 100vw, 729px\" \/><\/a><\/figure>\n\n\n\n<p>Wir stellen uns gemeinsam gegen Rassismus, Kolonialismus und die Klimakatastrophen. Eine unvollst\u00e4ndige \u00dcbersicht:<br>Der Globale Norden und Konzerne profitieren von der Ausbeutung von Menschen und \u00d6kosystemen und befeuern die Klimakrise. Folge davon sind zunehmende Umweltkatastrophen und Konflikte, welche Millionen von Menschen zur Flucht zwingen. Unz\u00e4hlige Menschen sterben auf der Flucht. \u00dcberlebende Migrant*innen erwarten meist menschenfeindliche Asylprozesse und strukturelle Isolation. Das Camp steht f\u00fcr Klimagerechtigkeit und Bewegungsfreiheit f\u00fcr alle. Komm vorbei!<br><a href=\"http:\/\/www.climatejustice.ch\">www.climatejustice.ch<\/a>.<br><a href=\"https:\/\/t.me\/resitantsummercampbasel\">https:\/\/t.me\/resitantsummercampbasel<\/a><\/p>\n","protected":false},"excerpt":{"rendered":"<p>Wir stellen uns gemeinsam gegen Rassismus, Kolonialismus und die Klimakatastrophen. Eine unvollst\u00e4ndige \u00dcbersicht:Der Globale Norden und Konzerne profitieren von der Ausbeutung von Menschen und \u00d6kosystemen und befeuern die Klimakrise. Folge davon sind zunehmende Umweltkatastrophen und Konflikte, welche Millionen von Menschen &hellip; <a href=\"https:\/\/www.lagota.ch\/?p=4062\">Continue reading <span class=\"meta-nav\">&rarr;<\/span><\/a><\/p>\n","protected":false},"author":1,"featured_media":0,"comment_status":"closed","ping_status":"open","sticky":false,"template":"","format":"standard","meta":{"footnotes":""},"categories":[328,406,21,16,4],"tags":[67,1205,816],"class_list":["post-4062","post","type-post","status-publish","format-standard","hentry","category-antira","category-migration","category-okologie","category-schweiz","category-veranstaltung","tag-basel","tag-klimagerechtigkeit","tag-no-borders"],"_links":{"self":[{"href":"https:\/\/www.lagota.ch\/index.php?rest_route=\/wp\/v2\/posts\/4062","targetHints":{"allow":["GET"]}}],"collection":[{"href":"https:\/\/www.lagota.ch\/index.php?rest_route=\/wp\/v2\/posts"}],"about":[{"href":"https:\/\/www.lagota.ch\/index.php?rest_route=\/wp\/v2\/types\/post"}],"author":[{"embeddable":true,"href":"https:\/\/www.lagota.ch\/index.php?rest_route=\/wp\/v2\/users\/1"}],"replies":[{"embeddable":true,"href":"https:\/\/www.lagota.ch\/index.php?rest_route=%2Fwp%2Fv2%2Fcomments&post=4062"}],"version-history":[{"count":1,"href":"https:\/\/www.lagota.ch\/index.php?rest_route=\/wp\/v2\/posts\/4062\/revisions"}],"predecessor-version":[{"id":4064,"href":"https:\/\/www.lagota.ch\/index.php?rest_route=\/wp\/v2\/posts\/4062\/revisions\/4064"}],"wp:attachment":[{"href":"https:\/\/www.lagota.ch\/index.php?rest_route=%2Fwp%2Fv2%2Fmedia&parent=4062"}],"wp:term":[{"taxonomy":"category","embeddable":true,"href":"https:\/\/www.lagota.ch\/index.php?rest_route=%2Fwp%2Fv2%2Fcategories&post=4062"},{"taxonomy":"post_tag","embeddable":true,"href":"https:\/\/www.lagota.ch\/index.php?rest_route=%2Fwp%2Fv2%2Ftags&post=4062"}],"curies":[{"name":"wp","href":"https:\/\/api.w.org\/{rel}","templated":true}]}}