{"id":4066,"date":"2023-08-11T17:22:09","date_gmt":"2023-08-11T16:22:09","guid":{"rendered":"https:\/\/www.lagota.ch\/?p=4066"},"modified":"2023-08-11T17:22:09","modified_gmt":"2023-08-11T16:22:09","slug":"all-eyes-on-iran-demo-luzern","status":"publish","type":"post","link":"https:\/\/www.lagota.ch\/?p=4066","title":{"rendered":"All Eyes on Iran Demo Luzern"},"content":{"rendered":"\n<p>Am 13. September 2022 zwischen 18:00 und 18:30 verliess Jina Mahsa Amini die U-Bahn mit ihren drei Begleiter*innen, als sie von der iranischen Sittenpolizei wegen angeblich \u00abunislamischer Kleidung\u00bb angehalten wurde. Unter Protest wurde sie gewaltsam festgenommen ihrem ebenfalls protestierenden Bruder, der sie begleitete, wurde mitgeteilt, dass Mahsa eine \u201eErziehungs- und Orientierungs-Lektion\u201c erhalten und nach einer Stunde freigelassen w\u00fcrde. Dazu sollte es aber nie kommen.<\/p>\n\n\n\n<figure class=\"wp-block-image size-full\"><a href=\"https:\/\/www.lagota.ch\/wp-content\/uploads\/366805128_6474881752565925_6384337586693741299_n.jpg\"><img loading=\"lazy\" decoding=\"async\" width=\"1024\" height=\"570\" src=\"https:\/\/www.lagota.ch\/wp-content\/uploads\/366805128_6474881752565925_6384337586693741299_n.jpg\" alt=\"\" class=\"wp-image-4067\" srcset=\"https:\/\/www.lagota.ch\/wp-content\/uploads\/366805128_6474881752565925_6384337586693741299_n.jpg 1024w, https:\/\/www.lagota.ch\/wp-content\/uploads\/366805128_6474881752565925_6384337586693741299_n-300x167.jpg 300w, https:\/\/www.lagota.ch\/wp-content\/uploads\/366805128_6474881752565925_6384337586693741299_n-768x428.jpg 768w\" sizes=\"auto, (max-width: 1024px) 100vw, 1024px\" \/><\/a><\/figure>\n\n\n\n<p>Ihre drei Begleiter*innen folgten dem Polizeiwagen zur Vozava Polizeistation, wo sie 2 Stunden auf Mahsa wartete. Nach ihren Angaben h\u00f6rten sie und andere beim Warten Schreie aus der Wache. Viele Frauen, die das Geb\u00e4ude verliessen, erkl\u00e4rten: \u201eDie haben da drin jemanden umgebracht.\u201c Nach anderen Angaben sagten sie: \u201eSie haben sie [Jina Mahsa Amini] get\u00f6tet.\u201c<\/p>\n\n\n\n<p>Sp\u00e4ter freigegebene \u00dcberwachungsvideos zeigen, wie Jina mit anderen Frauen aus einem Polizeibus stieg und die Stufen zur Polizeiwache hinaufgef\u00fchrt wurde. Dort sa\u00df sie eine Weile in einem Warteraum, stand dann auf, sprach eine Polizistin an und zeigte ihr ihren langen Umhang. Um 7:56 Uhr legte sie ihre H\u00e4nde auf ihren Kopf, streckte sich kurz und brach dann zusammen.<\/p>\n\n\n\n<p>Nach ihrem Kollaps kam ein Krankenwagen und brachte sie in das Kasra-Krankenhaus in Teheran. Laut ihrem Cousin brauchte der Krankenwagen 30 Minuten bis zur Polizeiwache und nochmals anderthalb Stunden bis zum Krankenhaus. Nach einem Krankenhausbericht erlitt Jina Amini ein Sch\u00e4del-Hirn-Trauma und war schon bei der Ankunft medizinisch tot. Sie lag noch zweieinhalb Tage lang im Koma, bis sie am 16. September 2022 offiziell f\u00fcr tot erkl\u00e4rt wurde.<\/p>\n\n\n\n<p>Am 21. September 2022 w\u00e4re sie 23 Jahre alt geworden<\/p>\n\n\n\n<p>Jina ist Mahsas kurdischer Name, der im Iran verboten ist, dennoch kannten sie alle nur unter dem Namen Jina, weshalb auch wir sie im weiteren Verlauf Jina nennen, werden.<\/p>\n\n\n\n<p>Jina wollte ein unabh\u00e4ngiges Leben nach eigenen Entscheidungen. Verwandte beschrieben sie als scheu, freundlich, hilfsbereit gegen\u00fcber G\u00e4sten, immer l\u00e4chelnd und voller Begeisterung und Energie. Genau wie viele andere iranische Frauen lehnte sie die stattliche Hidschab Pflicht ab. Neben Mode liebte sie Musik, Tanz, Reisen, Kunst und Literatur.<\/p>\n\n\n\n<p>Jinas Tod l\u00f6ste im Iran die heftigsten Proteste seit dem Machtantritt des Regimes 1979 und eine unfassbare Welle der Repression aus. Bis zum 8. Dezember 2022 registrierte die Menschenrechtsorganisation HRANA 481 namentlich bekannte sowie etwa 130 unbekannte Todesopfer der Proteste im Iran ab September 2022.<\/p>\n\n\n\n<p>W\u00e4hrend die Proteste im Iran f\u00fcr mehr Frauenrechte und gegen das Regime anhalten, ist die internationale Aufmerksamkeit schon lange abger\u00fcckt. Im Iran sind Todesstrafen nach unfairen Prozessen so wie Folter und sexuelle Gewalt an der Tagesordnung. Das Regime klammert sich mit allen Mitteln an die Macht und hat es dabei vor allem auf ethnische Minderheiten abgesehen.<\/p>\n\n\n\n<p>Wir fordern die internationale Zivilgesellschaft dazu auf, ihr unbedingte Solidarit\u00e4t zum Ausdruck zu bringen. Lasst uns daf\u00fcr und in Solidarit\u00e4t mit der protestierenden Bev\u00f6lkerung im Iran, ein Jahr nach Jinas offiziellem Tod in Luzern auf die Strasse gehen<\/p>\n\n\n\n<p>Jin Jiyan Azadi!<\/p>\n","protected":false},"excerpt":{"rendered":"<p>Am 13. September 2022 zwischen 18:00 und 18:30 verliess Jina Mahsa Amini die U-Bahn mit ihren drei Begleiter*innen, als sie von der iranischen Sittenpolizei wegen angeblich \u00abunislamischer Kleidung\u00bb angehalten wurde. Unter Protest wurde sie gewaltsam festgenommen ihrem ebenfalls protestierenden Bruder, &hellip; <a href=\"https:\/\/www.lagota.ch\/?p=4066\">Continue reading <span class=\"meta-nav\">&rarr;<\/span><\/a><\/p>\n","protected":false},"author":1,"featured_media":0,"comment_status":"closed","ping_status":"open","sticky":false,"template":"","format":"standard","meta":{"footnotes":""},"categories":[10,11,4],"tags":[66,570,283,1464,1148],"class_list":["post-4066","post","type-post","status-publish","format-standard","hentry","category-aus-aller-welt","category-luzern","category-veranstaltung","tag-demo","tag-frauenrechte","tag-iran","tag-jina","tag-luzern"],"_links":{"self":[{"href":"https:\/\/www.lagota.ch\/index.php?rest_route=\/wp\/v2\/posts\/4066","targetHints":{"allow":["GET"]}}],"collection":[{"href":"https:\/\/www.lagota.ch\/index.php?rest_route=\/wp\/v2\/posts"}],"about":[{"href":"https:\/\/www.lagota.ch\/index.php?rest_route=\/wp\/v2\/types\/post"}],"author":[{"embeddable":true,"href":"https:\/\/www.lagota.ch\/index.php?rest_route=\/wp\/v2\/users\/1"}],"replies":[{"embeddable":true,"href":"https:\/\/www.lagota.ch\/index.php?rest_route=%2Fwp%2Fv2%2Fcomments&post=4066"}],"version-history":[{"count":1,"href":"https:\/\/www.lagota.ch\/index.php?rest_route=\/wp\/v2\/posts\/4066\/revisions"}],"predecessor-version":[{"id":4068,"href":"https:\/\/www.lagota.ch\/index.php?rest_route=\/wp\/v2\/posts\/4066\/revisions\/4068"}],"wp:attachment":[{"href":"https:\/\/www.lagota.ch\/index.php?rest_route=%2Fwp%2Fv2%2Fmedia&parent=4066"}],"wp:term":[{"taxonomy":"category","embeddable":true,"href":"https:\/\/www.lagota.ch\/index.php?rest_route=%2Fwp%2Fv2%2Fcategories&post=4066"},{"taxonomy":"post_tag","embeddable":true,"href":"https:\/\/www.lagota.ch\/index.php?rest_route=%2Fwp%2Fv2%2Ftags&post=4066"}],"curies":[{"name":"wp","href":"https:\/\/api.w.org\/{rel}","templated":true}]}}