{"id":4070,"date":"2023-09-20T10:12:00","date_gmt":"2023-09-20T09:12:00","guid":{"rendered":"https:\/\/www.lagota.ch\/?p=4070"},"modified":"2023-09-20T10:12:00","modified_gmt":"2023-09-20T09:12:00","slug":"klimademo-30-9-jetzt-handeln","status":"publish","type":"post","link":"https:\/\/www.lagota.ch\/?p=4070","title":{"rendered":"Klimademo 30.9 | Jetzt Handeln"},"content":{"rendered":"\n<p><\/p>\n\n\n\n<figure class=\"wp-block-image size-full\"><a href=\"https:\/\/www.lagota.ch\/wp-content\/uploads\/FlyerVorderseite.png\"><img loading=\"lazy\" decoding=\"async\" width=\"595\" height=\"842\" src=\"https:\/\/www.lagota.ch\/wp-content\/uploads\/FlyerVorderseite.png\" alt=\"\" class=\"wp-image-4071\" srcset=\"https:\/\/www.lagota.ch\/wp-content\/uploads\/FlyerVorderseite.png 595w, https:\/\/www.lagota.ch\/wp-content\/uploads\/FlyerVorderseite-212x300.png 212w\" sizes=\"auto, (max-width: 595px) 100vw, 595px\" \/><\/a><\/figure>\n\n\n\n<p><strong>Die katastrophalen Auswirkungen der Klimakrise werden immer deutlicher sichtbar. Um das Pariser Klimaabkommen noch einhalten zu k\u00f6nnen, m\u00fcssen wir jetzt handeln. Am 30. September gehen wir deswegen gemeinsam f\u00fcr Klimagerechtigkeit auf die Strasse.<\/strong><\/p>\n","protected":false},"excerpt":{"rendered":"<p>Die katastrophalen Auswirkungen der Klimakrise werden immer deutlicher sichtbar. Um das Pariser Klimaabkommen noch einhalten zu k\u00f6nnen, m\u00fcssen wir jetzt handeln. Am 30. September gehen wir deswegen gemeinsam f\u00fcr Klimagerechtigkeit auf die Strasse.<\/p>\n","protected":false},"author":1,"featured_media":0,"comment_status":"closed","ping_status":"open","sticky":false,"template":"","format":"standard","meta":{"footnotes":""},"categories":[21,16,4],"tags":[102,66,1465,1123,1205],"class_list":["post-4070","post","type-post","status-publish","format-standard","hentry","category-okologie","category-schweiz","category-veranstaltung","tag-bern","tag-demo","tag-handeln","tag-klima","tag-klimagerechtigkeit"],"_links":{"self":[{"href":"https:\/\/www.lagota.ch\/index.php?rest_route=\/wp\/v2\/posts\/4070","targetHints":{"allow":["GET"]}}],"collection":[{"href":"https:\/\/www.lagota.ch\/index.php?rest_route=\/wp\/v2\/posts"}],"about":[{"href":"https:\/\/www.lagota.ch\/index.php?rest_route=\/wp\/v2\/types\/post"}],"author":[{"embeddable":true,"href":"https:\/\/www.lagota.ch\/index.php?rest_route=\/wp\/v2\/users\/1"}],"replies":[{"embeddable":true,"href":"https:\/\/www.lagota.ch\/index.php?rest_route=%2Fwp%2Fv2%2Fcomments&post=4070"}],"version-history":[{"count":1,"href":"https:\/\/www.lagota.ch\/index.php?rest_route=\/wp\/v2\/posts\/4070\/revisions"}],"predecessor-version":[{"id":4072,"href":"https:\/\/www.lagota.ch\/index.php?rest_route=\/wp\/v2\/posts\/4070\/revisions\/4072"}],"wp:attachment":[{"href":"https:\/\/www.lagota.ch\/index.php?rest_route=%2Fwp%2Fv2%2Fmedia&parent=4070"}],"wp:term":[{"taxonomy":"category","embeddable":true,"href":"https:\/\/www.lagota.ch\/index.php?rest_route=%2Fwp%2Fv2%2Fcategories&post=4070"},{"taxonomy":"post_tag","embeddable":true,"href":"https:\/\/www.lagota.ch\/index.php?rest_route=%2Fwp%2Fv2%2Ftags&post=4070"}],"curies":[{"name":"wp","href":"https:\/\/api.w.org\/{rel}","templated":true}]}}