{"id":4084,"date":"2023-11-03T17:21:36","date_gmt":"2023-11-03T16:21:36","guid":{"rendered":"https:\/\/www.lagota.ch\/?p=4084"},"modified":"2023-11-03T17:21:36","modified_gmt":"2023-11-03T16:21:36","slug":"stoppt-die-isolation-in-den-bundes-asylzentren","status":"publish","type":"post","link":"https:\/\/www.lagota.ch\/?p=4084","title":{"rendered":"Stoppt die Isolation in den Bundes-Asylzentren"},"content":{"rendered":"\n<p><strong>Quelle<\/strong>: <a href=\"http:\/\/resolut.tk\/\">http:\/\/resolut.tk\/<\/a><br><br>Am Dienstag und Mittwoch kam es zu Auseinandersetzungen zwischen Asylbewerber*innen im Asylzentrum Glaubenberg, mehrere Personen wurden verletzt. Ausserdem berichten die Bewohner*innen, dass sie in den Zimmern eingeschlossen seien und nichts zu essen bekommen.<\/p>\n\n\n\n<p>Viele von ihnen sind ver\u00e4ngstigt. Sie sagen, dass das Bundes-Asylzentrum Glaubenberg kein sicherer Ort ist. Mehrere befinden sich in einem Hungerstreik. Besonders betroffen sind auf dem Glaubenberg untergebrachte Kinder.<\/p>\n\n\n\n<p>Wir stehen den Bundes-Asylzentren schon lange kritisch gegen\u00fcber. Die neusten Ausschreitungen und die Berichte, dass die Kapazit\u00e4t sogar noch erh\u00f6ht werden soll, bringen das Fass zum \u00fcberlaufen. Wir fordern deshalb die sofortige Schliessung der Bundes-Asylzentren. Schutzsuchende sollen nach ihren Bed\u00fcrfnissen und W\u00fcnschen untergebracht werden.<\/p>\n\n\n\n<p>Das inhumane Ghettoisieren von Menschen in abgelegenen Gegenden hat schon lange versagt. Immer wieder kommt es zu Spannungen oder Auseinandersetzungen in den Bundes-Asylzentren. Wir erinnern ausdr\u00fccklich daran, dass es bei den Bewohner*innen des BAZ Glaubenberg um Schutzsuchende Menschen handelt und darunter auch Kinder sind. Viele von ihnen haben auf Grund von Flucht und Vertreibung psychische Probleme.<\/p>\n\n\n\n<p>Die Entmenschlichunng derer, die wie Auss\u00e4tzige ausserhalb der Stadtmauern de facto gefangen gehalten werdenden, Schutzsuchenden und die daraus resultierenden neusten Auseinandersetzungen sind die Konsequenz der vorherrschenden unmenschlichen Politik in diesem Land und ganz Europa!<\/p>\n\n\n\n<p>Menschen, die vor Krieg, Armut, Klimakatastrophen und anderem Elend fliehen, muss eine Perspektive geboten werden. Sie d\u00fcrfen nicht fern ab der Gesellschaft abgeschottet werden. Wir fordern die M\u00f6glichkeit zur Integration statt Isolation!<\/p>\n\n\n\n<p>Deshalb m\u00fcssen die Bundes-Asylzentren jetzt geschlossen werden. Nicht nur auf dem Glaubenberg.<\/p>\n","protected":false},"excerpt":{"rendered":"<p>Quelle: http:\/\/resolut.tk\/ Am Dienstag und Mittwoch kam es zu Auseinandersetzungen zwischen Asylbewerber*innen im Asylzentrum Glaubenberg, mehrere Personen wurden verletzt. Ausserdem berichten die Bewohner*innen, dass sie in den Zimmern eingeschlossen seien und nichts zu essen bekommen. Viele von ihnen sind ver\u00e4ngstigt. &hellip; <a href=\"https:\/\/www.lagota.ch\/?p=4084\">Continue reading <span class=\"meta-nav\">&rarr;<\/span><\/a><\/p>\n","protected":false},"author":1,"featured_media":0,"comment_status":"closed","ping_status":"open","sticky":false,"template":"","format":"standard","meta":{"footnotes":""},"categories":[328,11,406,16],"tags":[1469,1472,1471,1470],"class_list":["post-4084","post","type-post","status-publish","format-standard","hentry","category-antira","category-luzern","category-migration","category-schweiz","tag-asylzentren","tag-auseinandersetzung","tag-bundes-asylzentren","tag-glaubenberg"],"_links":{"self":[{"href":"https:\/\/www.lagota.ch\/index.php?rest_route=\/wp\/v2\/posts\/4084","targetHints":{"allow":["GET"]}}],"collection":[{"href":"https:\/\/www.lagota.ch\/index.php?rest_route=\/wp\/v2\/posts"}],"about":[{"href":"https:\/\/www.lagota.ch\/index.php?rest_route=\/wp\/v2\/types\/post"}],"author":[{"embeddable":true,"href":"https:\/\/www.lagota.ch\/index.php?rest_route=\/wp\/v2\/users\/1"}],"replies":[{"embeddable":true,"href":"https:\/\/www.lagota.ch\/index.php?rest_route=%2Fwp%2Fv2%2Fcomments&post=4084"}],"version-history":[{"count":1,"href":"https:\/\/www.lagota.ch\/index.php?rest_route=\/wp\/v2\/posts\/4084\/revisions"}],"predecessor-version":[{"id":4085,"href":"https:\/\/www.lagota.ch\/index.php?rest_route=\/wp\/v2\/posts\/4084\/revisions\/4085"}],"wp:attachment":[{"href":"https:\/\/www.lagota.ch\/index.php?rest_route=%2Fwp%2Fv2%2Fmedia&parent=4084"}],"wp:term":[{"taxonomy":"category","embeddable":true,"href":"https:\/\/www.lagota.ch\/index.php?rest_route=%2Fwp%2Fv2%2Fcategories&post=4084"},{"taxonomy":"post_tag","embeddable":true,"href":"https:\/\/www.lagota.ch\/index.php?rest_route=%2Fwp%2Fv2%2Ftags&post=4084"}],"curies":[{"name":"wp","href":"https:\/\/api.w.org\/{rel}","templated":true}]}}