{"id":4090,"date":"2023-11-20T15:38:35","date_gmt":"2023-11-20T14:38:35","guid":{"rendered":"https:\/\/www.lagota.ch\/?p=4090"},"modified":"2023-11-20T15:38:35","modified_gmt":"2023-11-20T14:38:35","slug":"orban-not-welcome-zuri-gage-rechts","status":"publish","type":"post","link":"https:\/\/www.lagota.ch\/?p=4090","title":{"rendered":"ORBAN NOT WELCOME &#8211; Z\u00fcri g\u00e4ge rechts!"},"content":{"rendered":"\n<p><strong>Am 22. November kommt der ungarische Ministerpr\u00e4sident Viktor Orb\u00e1n nach Z\u00fcrich. Er wurde vom rechten SVP-Politiker und \u00bbWeltwoche\u00ab-Chef Roger K\u00f6ppel zu einer Rede im Bonzen-Hotel Dolder eingeladen. Diesen Hetzanlass kann von linker Seite nicht unbeantwortet bleiben.<\/strong><\/p>\n\n\n\n<p>Wir rufen dazu auf, Aktionen zu organisieren und klar zu machen, dass Orb\u00e1n und seine Politik weder in Z\u00fcrich noch sonst anderswo etwas zu suchen haben!<\/p>\n\n\n\n<p>Die SVP und Orb\u00e1n sind Teile eines internationalen Rechtsrucks und beide vertreten sie dabei auf besonders rohe Art und Weise Positionen, die immer mehr ihren Weg vom rechten Rand in die Mitte der Gesellschaft finden. Sie hetzen gegen Migrant:innen, setzen sich f\u00fcr konservative Geschlechterrollen ein und machen Politik gegen Arme.<\/p>\n\n\n\n<p><strong>Ein Rassist als Ministerpr\u00e4sident<\/strong><\/p>\n\n\n\n<p>\u201eWir wollen nicht gemischtrassig sein.\u00bb Was klingt wie aus einem internen Chat von Neonazis, stammt von keinem geringeren als dem dienst\u00e4ltesten Regierungschef der EU: dem ungarischen Ministerpr\u00e4sidenten Viktor Orb\u00e1n. Die Worte w\u00e4hlte er in einer Rede, die er w\u00e4hrend der Sommerakademie seiner Partei in Rum\u00e4nien vor einem Jahr hielt. Der Diktator holte darin weit aus, stellte Geschichte und Zukunft als eine Art Kampf ums Dasein der V\u00f6lker und \u00abRassen\u00bb dar, wie man dies von Vertreter*innen der extremen Rechten kennt. Westeuropa sei \u00abgemischtrassig\u00bb, habe sich von den Werten des \u00abWestens\u00bb verabschiedet. Ungarn sei dazu das Gegenmodell, das die Rolle der Verk\u00f6rperung der westlichen Werte \u00fcbernommen habe und nicht \u00abgemischtrassig\u00bb werden wolle. Es werde die Zeit kommen, so prophezeite Orb\u00e1n, in der man auch die Grenze zum Westen verteidigen m\u00fcsse, nicht mehr nur die nach S\u00fcden, womit er auf den bestehenden Grenzzaun zu Serbien anspielte. Dass weder die Werte des Westens noch diejenigen von Ungarn eine Zukunft skizzieren, f\u00fcr die es sich zu k\u00e4mpfen lohnt, wird schnell klar. Doch gerade in diesen rassistischen Hetztiraden sieht K\u00f6ppel ein Vorbild f\u00fcr sich, seine Partei und seine Zeitung!<\/p>\n\n\n\n<p><strong>Victor Orb\u00e1ns Regierung zeigt, wohin rechte Politik f\u00fchrt!<\/strong><\/p>\n\n\n\n<p>Lesbische, schwule, bisexuelle, trans- und intergeschlechtliche Menschen (LGBTI*) sowie Rom*nja werden in Ungarn diskriminiert. In Bezug auf die sexuellen und reproduktiven Rechte von Frauen gab es 2022 gem\u00e4ss Amnesty gravierende R\u00fcckschritte. Lehrkr\u00e4ften wurde das Streikrecht f\u00fcr bessere Arbeitsbedingungen verwehrt. Fl\u00fcchtlinge und Migrant*innen werden Opfer von Pushbacks, die selbst gegen EU-Recht verstiessen. Kein Wunder f\u00fchlt sich in Ungarn die extreme Rechte pudelwohl. Letztes Jahr kamen etwa 2000 Neonazis auf Einladung des ungarischen \u00bbBlood and Honour\u00ab-Ablegers und der neofaschistischen L\u00e9gi\u00f3 Hung\u00e1ria nach Budapest. Dort fanden Nazi-Konzerte, Aufm\u00e4rsche und eine Wanderung in historischen Nazi-Uniformen durch die Budapester Berge statt. Die Politik von Orb\u00e0n ist jedoch keine Randerscheinung. Sie nimmt das vorweg, was sich auch in anderen L\u00e4ndern abspielt: In Zeiten sich intensivierender kapitalistischer Krisen, erstarken auch rechtsextreme Kr\u00e4fte und mit ihr eine menschenfeindliche Politik.<\/p>\n\n\n\n<p><strong>Unser Widerstand gegen ihre Hetze!<\/strong><\/p>\n\n\n\n<p>Wo rechte Politik erstarkt, gibt es auch Widerstand. Auch Orb\u00e0ns Politik bleibt nicht unkommentiert. Gerade im Februar dieses Jahres regte sich antifaschistischer Widerstand gegen das Neonazitreffen \u201eTag der Ehre\u201c. Dabei wurden verschiedene Neonazis angegriffen. Mehrere internationale Antifaschist*innen sitzen nach wie vor noch in Untersuchungshaft, gegen andere fahndet zur Zeit die deutsche Springer Presse. Auch andere stellen sich gegen die nationalistische und fundamentalistische Politik von Orb\u00e1n. Zehntausende haben in Budapest dieses Jahr gegen die Schul- und Austerit\u00e4tspolitik der Regierung des Rechtspopulisten Viktor Orb\u00e1n demonstriert. Sie verlangten unter anderem eine bessere Bezahlung der Lehrpersonen, ideologiefreie Lehrpl\u00e4ne sowie ein Streikrecht f\u00fcr Lehrpersonen. Ausserdem gingen an der Pride in Budapest dieses Jahr ebenfalls Zehntausende f\u00fcr die Unterst\u00fctzung von LGBTI-Menschen und gegen ein Gesetz auf die Strasse, das Homosexuelle und trans Personen diskriminiert.<\/p>\n\n\n\n<p>Diese K\u00e4mpfe sind Ausdruck daf\u00fcr, dass es unterschiedliche Antworten auf die sich versch\u00e4rfende kapitalistische Krise gibt. Preise explodieren bei gleichbleibenden L\u00f6hnen, die Repression gegen Gefl\u00fcchtete nimmt zu, die Klimakrise spitzt sich zu und \u00fcberall auf der Welt kommt es zu neuen Kriegen. Faschistische und rechte Kr\u00e4fte m\u00f6chten von der Krise profitieren. Sie hetzen und wettern, w\u00e4hrend sie mit ihrer Politik unsere Lebensbedingen verschlechtern. Sie treten nach unten, w\u00e4hrend sie nach oben buckeln. Unsere Antwort auf die kapitalistische Krise lautet anders: Solidarit\u00e4t und Klassenkampf statt rechter Hetze. In diesem Widerstand stehen wir nicht alleine. Schliessen wir uns jenen Kr\u00e4ften in Ungarn und weltweit an, die Hetze und Repression trotzen und sich widersetzen. Getrauen wir uns zu k\u00e4mpfen: F\u00fcr eine Welt ohne Krieg und Ausgrenzung, f\u00fcr eine Welt der Freiheit und Solidarit\u00e4t!<\/p>\n\n\n\n<p>Wir rufen dazu auf, Aktionen zu organisieren und klar zu machen, dass Orb\u00e1n und seine Politik weder in Z\u00fcrich noch sonst anderswo etwas zu suchen haben!<br>Orb\u00e1n not welcome! Z\u00fcri g\u00e4ge rechts!<\/p>\n","protected":false},"excerpt":{"rendered":"<p>Am 22. November kommt der ungarische Ministerpr\u00e4sident Viktor Orb\u00e1n nach Z\u00fcrich. Er wurde vom rechten SVP-Politiker und \u00bbWeltwoche\u00ab-Chef Roger K\u00f6ppel zu einer Rede im Bonzen-Hotel Dolder eingeladen. Diesen Hetzanlass kann von linker Seite nicht unbeantwortet bleiben. Wir rufen dazu auf, &hellip; <a href=\"https:\/\/www.lagota.ch\/?p=4090\">Continue reading <span class=\"meta-nav\">&rarr;<\/span><\/a><\/p>\n","protected":false},"author":1,"featured_media":0,"comment_status":"closed","ping_status":"open","sticky":false,"template":"","format":"standard","meta":{"footnotes":""},"categories":[13,16],"tags":[1476,1475,841,208,293,68,121],"class_list":["post-4090","post","type-post","status-publish","format-standard","hentry","category-antifa","category-schweiz","tag-hetze","tag-koppel","tag-orban","tag-ungarn","tag-weltwoche","tag-widerstand","tag-zurich"],"_links":{"self":[{"href":"https:\/\/www.lagota.ch\/index.php?rest_route=\/wp\/v2\/posts\/4090","targetHints":{"allow":["GET"]}}],"collection":[{"href":"https:\/\/www.lagota.ch\/index.php?rest_route=\/wp\/v2\/posts"}],"about":[{"href":"https:\/\/www.lagota.ch\/index.php?rest_route=\/wp\/v2\/types\/post"}],"author":[{"embeddable":true,"href":"https:\/\/www.lagota.ch\/index.php?rest_route=\/wp\/v2\/users\/1"}],"replies":[{"embeddable":true,"href":"https:\/\/www.lagota.ch\/index.php?rest_route=%2Fwp%2Fv2%2Fcomments&post=4090"}],"version-history":[{"count":1,"href":"https:\/\/www.lagota.ch\/index.php?rest_route=\/wp\/v2\/posts\/4090\/revisions"}],"predecessor-version":[{"id":4091,"href":"https:\/\/www.lagota.ch\/index.php?rest_route=\/wp\/v2\/posts\/4090\/revisions\/4091"}],"wp:attachment":[{"href":"https:\/\/www.lagota.ch\/index.php?rest_route=%2Fwp%2Fv2%2Fmedia&parent=4090"}],"wp:term":[{"taxonomy":"category","embeddable":true,"href":"https:\/\/www.lagota.ch\/index.php?rest_route=%2Fwp%2Fv2%2Fcategories&post=4090"},{"taxonomy":"post_tag","embeddable":true,"href":"https:\/\/www.lagota.ch\/index.php?rest_route=%2Fwp%2Fv2%2Ftags&post=4090"}],"curies":[{"name":"wp","href":"https:\/\/api.w.org\/{rel}","templated":true}]}}