{"id":4100,"date":"2023-12-31T16:20:06","date_gmt":"2023-12-31T15:20:06","guid":{"rendered":"https:\/\/www.lagota.ch\/?p=4100"},"modified":"2023-12-31T16:20:06","modified_gmt":"2023-12-31T15:20:06","slug":"smash-wef-fight-back","status":"publish","type":"post","link":"https:\/\/www.lagota.ch\/?p=4100","title":{"rendered":"Smash WEF \u2013 Fight back!"},"content":{"rendered":"\n<p><strong>Die vergangenen Jahre zeigen in einer kaum zu ertragenden Brutalit\u00e4t, welche Krisen der Kapitalismus mit sich bringt. Das WEF in Davos steht f\u00fcr ein System, das f\u00fcr die allermeisten Menschen nur Armut, Ausbeutung und Tod bereith\u00e4lt. Greifen wir es an!<\/strong><\/p>\n\n\n\n<figure class=\"wp-block-image size-full\"><a href=\"https:\/\/www.lagota.ch\/wp-content\/uploads\/arton6259.png\"><img loading=\"lazy\" decoding=\"async\" width=\"710\" height=\"398\" src=\"https:\/\/www.lagota.ch\/wp-content\/uploads\/arton6259.png\" alt=\"\" class=\"wp-image-4101\" srcset=\"https:\/\/www.lagota.ch\/wp-content\/uploads\/arton6259.png 710w, https:\/\/www.lagota.ch\/wp-content\/uploads\/arton6259-300x168.png 300w\" sizes=\"auto, (max-width: 710px) 100vw, 710px\" \/><\/a><\/figure>\n\n\n\n<p>Die globalen Krisen des Kapitalismus sind aktuell besonders tief sch\u00fcrfend. Dies ist wohl auch den Organisator*innen des WEF bewusst. An diesem Treffen m\u00e4chtiger Politiker*innen und Wirtschaftsf\u00fchrer*innen in Davos werden wichtige gesellschaftliche Herausforderungen besprochen und teilweise auch L\u00f6sungen pr\u00e4sentiert. Aber die verfolgten Strategien und L\u00f6sungsvorschl\u00e4ge verharren innerhalb der kapitalistischen Logik, f\u00fcr welche das WEF sinnbildlich steht. Damit richten sie sich immer gegen die Interessen der arbeitenden Klasse. Aus diesem Grund wehrt sich seit vielen Jahren eine breite Bewegung gegen das Gipfeltreffen in den B\u00fcndner Bergen. Es ist eine Bewegung, die die Gestaltung von Menschheit und Natur nicht weiter den Herrschenden \u00fcberlassen will und sich gegen Ausbeutung und Unterdr\u00fcckung zur Wehr setzt. Dieser globale Widerstand ist heute n\u00f6tiger denn je!<\/p>\n\n\n\n<p><strong>Das WEF heizt der Welt ein<\/strong><\/p>\n\n\n\n<p>Auf der Website des WEF finden sich Bilder von imposanten Solaranlagen in Indonesien, welche zeigen sollen, wie sich die Partnerkonzerne des WEF f\u00fcr eine dekarbonisierte Zukunft einsetzen. Doch speziell in der Thematik der Klimakatastrophe k\u00f6nnte der Zynismus dieses Treffens der Herrschenden in Davos kaum gr\u00f6sser sein. Schaut man sich die Namen der Partner des WEF an, so liest sich dies wie eine Rangliste jener Unternehmen, welche die gr\u00f6sste Verantwortung f\u00fcr den bevorstehenden Klimakollaps tragen: BP, Chevron, Shell, Socar, Saudi Aramco und Petrobas. Alle \u00d6lgiganten sind mit an Bord. Die Klimakatastrophe rund um den Globus macht aber klar, dass die Strategien des WEF nur zu noch st\u00e4rkerer Umweltzerst\u00f6rung f\u00fchren. Die notwendige Abkehr von einer CO2 basierten Wirtschaft kann aber nicht mit, sondern nur gegen diese Multis durchgesetzt werden.<\/p>\n\n\n\n<p><strong>Inflation \u2013 die Verursacher und Profiteure sind WEF Partner<\/strong><\/p>\n\n\n\n<p>Ein Blick auf die selbe Liste der Partnerfirmen f\u00fchrt vor Augen, dass sich auch die Verantwortlichen und Profiteur*innen der aktuellen Inflation in Davos treffen: Gunvor und Mercuria, Trafigura, Vitol und Bunge sowie Glencore. Diese Rohstoffgiganten \u2013 praktisch alle haben ihren Firmensitz in der Schweiz \u2013 sind massgeblich verantwortlich f\u00fcr den weltweiten Preisanstieg von ca. 6.8% im Jahr 2023. Sie haben beispielsweise den durch den Krieg in der Ukraine entstandenen Mangel an Getreide auf dem Weltmarkt weiter befeuert, indem sie mit ihrem Rohstoffhandel zus\u00e4tzliche Engp\u00e4sse bewusst hergestellt haben. Somit schlagen sie direkten Profit aus dem Krieg und sind Verursacher von Armut, Hunger und Tod unz\u00e4hliger Proletarier*innen auf der ganzen Welt.<\/p>\n\n\n\n<p><strong>Kriegstreiber in Davos<\/strong><\/p>\n\n\n\n<p>Nebst diesen Formen des \u00f6konomischen Imperialismus f\u00fcr welche das WEF steht, hat das Bonzentreffen auch eine lange Tradition darin, den gr\u00f6ssten imperialistischen Kriegstreibern eine Plattform zu bieten. So wurde zum Beispiel der k\u00fcrzlich verstorbene ehemalige amerikanische Aussenminister Henry Kissinger 2023 eingeladen. An seinen H\u00e4nden klebt das Blut von unz\u00e4hligen Menschen in Vietnam, Chile und Kambodscha. Er steht sinnbildlich f\u00fcr westliche Imperialismusstrategien der Nachkriegszeit. Strategien, welche auch in den Kriegen in Afghanistan und Irak verfolgt wurden. Auch George W. Bush, Tony Blair und Gerhard Schr\u00f6der \u2013 sie haben diese Kriege losgetreten \u2013 sind schon am WEF erschienen. Ebenso Recep Tayyip Erdo\u011fan, der f\u00fcr die faschistischen Angriffe der T\u00fcrkei auf das revolution\u00e4re Projekt Rojava in Nordostsyrien verantwortlich ist. Und nat\u00fcrlich wurde auch Benjamin Netanyahu, dessen reaktion\u00e4re Regierung aktuell den Gazastreifen in Schutt und Asche legt, schon ans WEF eingeladen.<\/p>\n\n\n\n<p><strong>Gipfeltreffen angreifen \u2013 den Kapitalismus \u00fcberwinden<\/strong><\/p>\n\n\n\n<p>Das WEF und die Schweiz versuchen den M\u00e4chtigen dieser Welt \u2013 Kriegstreiber*innen und Kapitalist*innen \u2013 ein ruhiges Hinterland zu bieten. In diesem sollen sie sich ungest\u00f6rt austauschen und pr\u00e4sentieren k\u00f6nnen. Unser Widerstand richtet sich gegen diejenigen, die sich an Wirtschaftsgipfeln treffen, die globalen Krisen zu verantworten haben und von ihnen profitieren. Wir wollen die Ruhe in ihrem Hinterland st\u00f6ren und Sand ins Getriebe des kapitalistischen Systems streuen. F\u00fcr eine solidarische Gesellschaft fern ab von Ausbeutung, Kriegen, Klimazerst\u00f6rung und Unterdr\u00fcckung m\u00fcssen wir dieses System revolution\u00e4r \u00fcberwinden und heute schon zeigen, dass wir die Machenschaften der Herrschenden nicht mehr dulden. Nutzen wir das Zusammenkommen der M\u00e4chtigen, um zu zeigen, dass wir ihre Macht und Ausbeutung nicht l\u00e4nger hinnehmen. Tragen wir den Widerstand gegen das WEF gemeinsam, laut und k\u00e4mpferisch auf die Strassen!<\/p>\n\n\n\n<p><strong>Gegen das Treffen der Kriegstreiber und Krisenprofiteure! F\u00fcr die soziale Revolution!<\/strong><\/p>\n\n\n\n<figure class=\"wp-block-embed is-type-wp-embed is-provider-embed wp-block-embed-embed\"><div class=\"wp-block-embed__wrapper\">\nhttps:\/\/wirtrageneurekrisenicht.wordpress.com\/2023\/12\/18\/smash-wef-fight-back\/\n<\/div><\/figure>\n","protected":false},"excerpt":{"rendered":"<p>Die vergangenen Jahre zeigen in einer kaum zu ertragenden Brutalit\u00e4t, welche Krisen der Kapitalismus mit sich bringt. Das WEF in Davos steht f\u00fcr ein System, das f\u00fcr die allermeisten Menschen nur Armut, Ausbeutung und Tod bereith\u00e4lt. Greifen wir es an! &hellip; <a href=\"https:\/\/www.lagota.ch\/?p=4100\">Continue reading <span class=\"meta-nav\">&rarr;<\/span><\/a><\/p>\n","protected":false},"author":1,"featured_media":0,"comment_status":"closed","ping_status":"open","sticky":false,"template":"","format":"standard","meta":{"footnotes":""},"categories":[1369,14,19,108],"tags":[76,1482,37,1481,1153],"class_list":["post-4100","post","type-post","status-publish","format-standard","hentry","category-antiimperialismus","category-arbeitskampf","category-wef","category-wirtschaftskrise","tag-kapitalismus","tag-klimakatastrophe","tag-krise","tag-shell","tag-wef"],"_links":{"self":[{"href":"https:\/\/www.lagota.ch\/index.php?rest_route=\/wp\/v2\/posts\/4100","targetHints":{"allow":["GET"]}}],"collection":[{"href":"https:\/\/www.lagota.ch\/index.php?rest_route=\/wp\/v2\/posts"}],"about":[{"href":"https:\/\/www.lagota.ch\/index.php?rest_route=\/wp\/v2\/types\/post"}],"author":[{"embeddable":true,"href":"https:\/\/www.lagota.ch\/index.php?rest_route=\/wp\/v2\/users\/1"}],"replies":[{"embeddable":true,"href":"https:\/\/www.lagota.ch\/index.php?rest_route=%2Fwp%2Fv2%2Fcomments&post=4100"}],"version-history":[{"count":1,"href":"https:\/\/www.lagota.ch\/index.php?rest_route=\/wp\/v2\/posts\/4100\/revisions"}],"predecessor-version":[{"id":4102,"href":"https:\/\/www.lagota.ch\/index.php?rest_route=\/wp\/v2\/posts\/4100\/revisions\/4102"}],"wp:attachment":[{"href":"https:\/\/www.lagota.ch\/index.php?rest_route=%2Fwp%2Fv2%2Fmedia&parent=4100"}],"wp:term":[{"taxonomy":"category","embeddable":true,"href":"https:\/\/www.lagota.ch\/index.php?rest_route=%2Fwp%2Fv2%2Fcategories&post=4100"},{"taxonomy":"post_tag","embeddable":true,"href":"https:\/\/www.lagota.ch\/index.php?rest_route=%2Fwp%2Fv2%2Ftags&post=4100"}],"curies":[{"name":"wp","href":"https:\/\/api.w.org\/{rel}","templated":true}]}}