{"id":4129,"date":"2024-03-18T12:52:53","date_gmt":"2024-03-18T11:52:53","guid":{"rendered":"https:\/\/www.lagota.ch\/?p=4129"},"modified":"2024-03-18T12:52:53","modified_gmt":"2024-03-18T11:52:53","slug":"richard-wagner-weg-umbenannt","status":"publish","type":"post","link":"https:\/\/www.lagota.ch\/?p=4129","title":{"rendered":"Richard-Wagner-Weg umbenannt!"},"content":{"rendered":"\n<p><strong>Gestern Abend haben Mitglieder der ausserparlamentarischen linken Gruppierung RESolut den Richard-Wagner-Weg im Luzerner Tribschenquartier umbenannt. Neu soll er nach der 2004 in Genf verstorbenen Fluchthelferin Aim\u00e9e-Stitelmann benannt werden.<\/strong><\/p>\n\n\n\n<figure class=\"wp-block-image size-large\"><a href=\"https:\/\/www.lagota.ch\/wp-content\/uploads\/arton6357-1.jpg\"><img loading=\"lazy\" decoding=\"async\" width=\"1024\" height=\"768\" src=\"https:\/\/www.lagota.ch\/wp-content\/uploads\/arton6357-1-1024x768.jpg\" alt=\"\" class=\"wp-image-4131\" srcset=\"https:\/\/www.lagota.ch\/wp-content\/uploads\/arton6357-1-1024x768.jpg 1024w, https:\/\/www.lagota.ch\/wp-content\/uploads\/arton6357-1-300x225.jpg 300w, https:\/\/www.lagota.ch\/wp-content\/uploads\/arton6357-1-768x576.jpg 768w, https:\/\/www.lagota.ch\/wp-content\/uploads\/arton6357-1-1536x1152.jpg 1536w, https:\/\/www.lagota.ch\/wp-content\/uploads\/arton6357-1.jpg 2048w\" sizes=\"auto, (max-width: 1024px) 100vw, 1024px\" \/><\/a><\/figure>\n\n\n\n<p>Der deutsche Komponist, Schriftsteller, Theaterregisseur und Dirigent Richard Wagner lebte von 1866 bis 1872 im heutigen Tribschenquartier in Luzern[1]. Bis heute befindet sich dort das Richard-Wagner-Museum, der Richard-Wagner-Weg f\u00fchrt zum Museum und in der nahen Ufsch\u00f6tti befindet sich das Wagner-Denkmal[2]. Zu viel Verehrung und Verkl\u00e4rung f\u00fcr die Luzerner Gruppe RESolut. Sie kritisiert insbesondere Wagners Antisemitismus. Wagner sei Wegbereiter f\u00fcr den &#8220;modernen&#8221; Antisemitismus[3] gewesen teilt die Gruppe mit. So bediente sich Richard Wagner etwa einem \u00e4hnlichen Vokabular wie der sp\u00e4tere, gl\u00fchende Wagner-Fan Adolf Hitler.<\/p>\n\n\n\n<p>In seiner Schrift, &#8220;Das Judentum und die Musik&#8221; schrieb Wagner: &#8220;Der Jude an sich sei unf\u00e4hig sich k\u00fcnstlerisch auszudr\u00fccken&#8221;. In einem Brief an K\u00f6nig Ludwig II. vom 22.11.1881 &#8220;dass ich die j\u00fcdische Race f\u00fcr den geborenen Feind der reinen Menschheit und alles Edlen in ihr halte: dass namentlich wir Deutschen an ihnen zu Grunde gehen werden, ist gewiss, und vielleicht bin ich der letzte Deutsche, der sich gegen den bereits alles beherrschenden Judaismus als k\u00fcnstlerischer Mensch aufrecht zu erhalten wusste&#8221;[4]. Der Antisemitismus des sp\u00e4ten Richard Wagners ab 1850 ist kein Geheimnis. Seine Ehrung in Luzern f\u00fcr die Gruppe RESolut unverst\u00e4ndlich.<\/p>\n\n\n\n<p>RESolut fordert deshalb, dass der Richard-Wagner-Weg in Aim\u00e9e-Stitelmann-Weg umbenannt wird. Die 1925 in Paris geborene Aim\u00e9e Stitelmann-Stauffer zog vor Ausbruch des zweiten Weltkrieges nach Genf und wurde 1945 von einem Milit\u00e4rgericht zu zwei Wochen Gef\u00e4ngnis verurteilt, weil sie j\u00fcdischen Kindern zur Flucht in die Schweiz verholfen hat.[5] Im M\u00e4rz 2004 war die Lehrerin die erste Fluchthelferin, die aufgrund eines neuen Gesetzes formell rehabilitiert wurde. Eine Wiedergutmachung erhielt Aim\u00e9e Stitelmann-Stauffer, die am 20. Dezember 2004 in Genf verstarb, aber nie.[6]<\/p>\n\n\n\n<p>Aim\u00e9e Stitelmann nahm nie Geld f\u00fcr ihre Fluchthilfe. Sie handelte aus politischer und moralischer \u00dcberzeugung mit gerade einmal 17 Jahren half sie das erste Mal j\u00fcdischen Kindern bei der Flucht mehr als einem duzend Kindern rettet sie wohl insgesamt das Leben. Nach der Fl\u00fcchtlingshilfe f\u00fcr Juden und J\u00fcdinnen hatte sie sich in ihrem Leben im Kampf gegen den Vietnamkrieg engagiert, gegen die Franco-Diktatur in Spanien und in j\u00fcngerer Zeit f\u00fcr Asylsuchende und papierlose Immigrant*innen. Von 1953 bis 1957 engagierte sie sich in der kommunistischen Partei in Israel und kehrte anschliessend in die Schweiz zur\u00fcck, wo sie Mitglied der Partei der Arbeit war.[7]<\/p>\n\n\n\n<p>F\u00fcr RESolut steht Aim\u00e9e Stitelmann-Stauffer stellvertretend f\u00fcr mehrere Fluchthelfer*innen. Menschen auf dem Weg zum Richard-Wagner-Museum sollen daran erinnert werden, wo Antisemitismus hinf\u00fchren kann. Das Frau Stitelmann-Stauffer eben eine Frau war sei ein Bonus, denn diese seien in den Strassennamen chronisch untervertreten.<\/p>\n\n\n\n<p>[1] <a href=\"https:\/\/richard-wagner-museum.ch\/geschichte\/tribschener-zeit\/\">https:\/\/richard-wagner-museum.ch\/geschichte\/tribschener-zeit\/<\/a><\/p>\n\n\n\n<p>[2] <a href=\"https:\/\/www.luzernerzeitung.ch\/zentralschweiz\/stadt-region-luzern\/hingeschaut-was-die-skulptur-auf-der-luzerner-ufschoetti-mit-richard-wagner-zu-tun-hat-ld.2489827?reduced=true\">https:\/\/www.luzernerzeitung.ch\/zentralschweiz\/stadt-region-luzern\/hingeschaut-was-die-skulptur-auf-der-luzerner-ufschoetti-mit-richard-wagner-zu-tun-hat-ld.2489827?reduced=true<\/a><\/p>\n\n\n\n<p>[3] <a href=\"https:\/\/www.sueddeutsche.de\/politik\/judenhasser-und-komponist-der-paranoia-fall-richard-wagner-1.1678112\">https:\/\/www.sueddeutsche.de\/politik\/judenhasser-und-komponist-der-paranoia-fall-richard-wagner-1.1678112<\/a><\/p>\n\n\n\n<p>[4] <a href=\"https:\/\/www.bpb.de\/shop\/zeitschriften\/apuz\/160065\/richard-wagners-antisemitismus\/\">https:\/\/www.bpb.de\/shop\/zeitschriften\/apuz\/160065\/richard-wagners-antisemitismus\/<\/a><\/p>\n\n\n\n<p>[5] <a href=\"https:\/\/hls-dhs-dss.ch\/de\/articles\/044028\/2010-10-22\/\">https:\/\/hls-dhs-dss.ch\/de\/articles\/044028\/2010-10-22\/<\/a><\/p>\n\n\n\n<p>[6] <a href=\"https:\/\/www.woz.ch\/0535\/fluchthilfe\/nur-die-erwischten-sind-bekannt\">https:\/\/www.woz.ch\/0535\/fluchthilfe\/nur-die-erwischten-sind-bekannt<\/a><\/p>\n\n\n\n<p>[7] <a href=\"https:\/\/hls-dhs-dss.ch\/de\/articles\/044028\/2010-10-22\/\">https:\/\/hls-dhs-dss.ch\/de\/articles\/044028\/2010-10-22\/<\/a><\/p>\n\n\n\n<p><\/p>\n\n\n\n<p>Quelle: <a href=\"https:\/\/barrikade.info\/article\/6357\">https:\/\/barrikade.info\/article\/6357<\/a><\/p>\n","protected":false},"excerpt":{"rendered":"<p>Gestern Abend haben Mitglieder der ausserparlamentarischen linken Gruppierung RESolut den Richard-Wagner-Weg im Luzerner Tribschenquartier umbenannt. Neu soll er nach der 2004 in Genf verstorbenen Fluchthelferin Aim\u00e9e-Stitelmann benannt werden. Der deutsche Komponist, Schriftsteller, Theaterregisseur und Dirigent Richard Wagner lebte von 1866 &hellip; <a href=\"https:\/\/www.lagota.ch\/?p=4129\">Continue reading <span class=\"meta-nav\">&rarr;<\/span><\/a><\/p>\n","protected":false},"author":1,"featured_media":0,"comment_status":"closed","ping_status":"open","sticky":false,"template":"","format":"standard","meta":{"footnotes":""},"categories":[13,242,11],"tags":[1506,332,1132,1504,1505],"class_list":["post-4129","post","type-post","status-publish","format-standard","hentry","category-antifa","category-emanzipation","category-luzern","tag-aimee-stitelmann","tag-antisemitismus","tag-resolut","tag-richard-wagner","tag-tribschen"],"_links":{"self":[{"href":"https:\/\/www.lagota.ch\/index.php?rest_route=\/wp\/v2\/posts\/4129","targetHints":{"allow":["GET"]}}],"collection":[{"href":"https:\/\/www.lagota.ch\/index.php?rest_route=\/wp\/v2\/posts"}],"about":[{"href":"https:\/\/www.lagota.ch\/index.php?rest_route=\/wp\/v2\/types\/post"}],"author":[{"embeddable":true,"href":"https:\/\/www.lagota.ch\/index.php?rest_route=\/wp\/v2\/users\/1"}],"replies":[{"embeddable":true,"href":"https:\/\/www.lagota.ch\/index.php?rest_route=%2Fwp%2Fv2%2Fcomments&post=4129"}],"version-history":[{"count":1,"href":"https:\/\/www.lagota.ch\/index.php?rest_route=\/wp\/v2\/posts\/4129\/revisions"}],"predecessor-version":[{"id":4132,"href":"https:\/\/www.lagota.ch\/index.php?rest_route=\/wp\/v2\/posts\/4129\/revisions\/4132"}],"wp:attachment":[{"href":"https:\/\/www.lagota.ch\/index.php?rest_route=%2Fwp%2Fv2%2Fmedia&parent=4129"}],"wp:term":[{"taxonomy":"category","embeddable":true,"href":"https:\/\/www.lagota.ch\/index.php?rest_route=%2Fwp%2Fv2%2Fcategories&post=4129"},{"taxonomy":"post_tag","embeddable":true,"href":"https:\/\/www.lagota.ch\/index.php?rest_route=%2Fwp%2Fv2%2Ftags&post=4129"}],"curies":[{"name":"wp","href":"https:\/\/api.w.org\/{rel}","templated":true}]}}