{"id":4134,"date":"2024-04-08T11:08:39","date_gmt":"2024-04-08T10:08:39","guid":{"rendered":"https:\/\/www.lagota.ch\/?p=4134"},"modified":"2024-04-08T11:08:39","modified_gmt":"2024-04-08T10:08:39","slug":"free-mumia-kundgebung","status":"publish","type":"post","link":"https:\/\/www.lagota.ch\/?p=4134","title":{"rendered":"FREE MUMIA &#8211; Kundgebung"},"content":{"rendered":"\n<p>FREE MUMIA &#8211; FREE THEM ALL!<br>Am Mittwoch, 24. April 2024 wird der afroamerikanische Journalist und politische Gefangene Mumia Abu-Jamal 70 Jahre alt. Der Black Panther verbrachte 42(!) Jahre davon in Haft. Aus der Haft heraus k\u00e4mpft er gegen Rassismus, Ausbeutung und Krieg und ver\u00f6ffentlichte unter anderem elf B\u00fccher. Diese B\u00fccher, Texte und Radiobeitr\u00e4ge sind ein fester Bestandteil der abolitionistischen Bewegung. Weder 29 Jahre Isolationshaft noch Hinrichtungsbefehle haben ihn je davon abgehalten am Ort der aktuellen Sklaverei unter anderem Namen die &#8220;Voice of the Voiceless&#8221; zu sein.<\/p>\n\n\n\n<p>&#8220;Manche sagen, es sei unvern\u00fcnftig, Widerstand gegen dieses gewaltt\u00e4tige System zu leisten. Ich denke, es ist unvern\u00fcnftig, das nicht zu tun.&#8221; (Mumia Abu-Jamal).<\/p>\n\n\n\n<p>Lasst uns Mumias bisherige Lebensleistung w\u00fcrdigen!<br>Zusammen gegen Rassismus, Ausbeutung und Krieg!<\/p>\n\n\n\n<p>Mittwoch \u2013 24. April 2024<br>18.00 Uhr<br>Kundgebung vor der US Botschaft<br>Sulgeneckstrasse 19<br>Bern<\/p>\n","protected":false},"excerpt":{"rendered":"<p>FREE MUMIA &#8211; FREE THEM ALL!Am Mittwoch, 24. April 2024 wird der afroamerikanische Journalist und politische Gefangene Mumia Abu-Jamal 70 Jahre alt. Der Black Panther verbrachte 42(!) Jahre davon in Haft. Aus der Haft heraus k\u00e4mpft er gegen Rassismus, Ausbeutung &hellip; <a href=\"https:\/\/www.lagota.ch\/?p=4134\">Continue reading <span class=\"meta-nav\">&rarr;<\/span><\/a><\/p>\n","protected":false},"author":1,"featured_media":0,"comment_status":"closed","ping_status":"open","sticky":false,"template":"","format":"standard","meta":{"footnotes":""},"categories":[13,328,49,10,172,15],"tags":[161,102,1507,103,1509,1508],"class_list":["post-4134","post","type-post","status-publish","format-standard","hentry","category-antifa","category-antira","category-antirep","category-aus-aller-welt","category-gefangeneninfos","category-mumia-abu-jamal","tag-ausbeutung","tag-bern","tag-mumia","tag-rassismus","tag-us-botschaft","tag-voice-of-the-voiceless"],"_links":{"self":[{"href":"https:\/\/www.lagota.ch\/index.php?rest_route=\/wp\/v2\/posts\/4134","targetHints":{"allow":["GET"]}}],"collection":[{"href":"https:\/\/www.lagota.ch\/index.php?rest_route=\/wp\/v2\/posts"}],"about":[{"href":"https:\/\/www.lagota.ch\/index.php?rest_route=\/wp\/v2\/types\/post"}],"author":[{"embeddable":true,"href":"https:\/\/www.lagota.ch\/index.php?rest_route=\/wp\/v2\/users\/1"}],"replies":[{"embeddable":true,"href":"https:\/\/www.lagota.ch\/index.php?rest_route=%2Fwp%2Fv2%2Fcomments&post=4134"}],"version-history":[{"count":1,"href":"https:\/\/www.lagota.ch\/index.php?rest_route=\/wp\/v2\/posts\/4134\/revisions"}],"predecessor-version":[{"id":4135,"href":"https:\/\/www.lagota.ch\/index.php?rest_route=\/wp\/v2\/posts\/4134\/revisions\/4135"}],"wp:attachment":[{"href":"https:\/\/www.lagota.ch\/index.php?rest_route=%2Fwp%2Fv2%2Fmedia&parent=4134"}],"wp:term":[{"taxonomy":"category","embeddable":true,"href":"https:\/\/www.lagota.ch\/index.php?rest_route=%2Fwp%2Fv2%2Fcategories&post=4134"},{"taxonomy":"post_tag","embeddable":true,"href":"https:\/\/www.lagota.ch\/index.php?rest_route=%2Fwp%2Fv2%2Ftags&post=4134"}],"curies":[{"name":"wp","href":"https:\/\/api.w.org\/{rel}","templated":true}]}}