{"id":4145,"date":"2024-05-03T10:59:54","date_gmt":"2024-05-03T09:59:54","guid":{"rendered":"https:\/\/www.lagota.ch\/?p=4145"},"modified":"2024-05-03T10:59:54","modified_gmt":"2024-05-03T09:59:54","slug":"staatsterror-an-unis","status":"publish","type":"post","link":"https:\/\/www.lagota.ch\/?p=4145","title":{"rendered":"Staatsterror an Unis"},"content":{"rendered":"\n<p><strong>USA: Studentenproteste mit riesigem Polizeiaufgebot niedergeschlagen. Protestcamps in Los Angeles und New York ger\u00e4umt<\/strong><br><br>Quelle: <a href=\"https:\/\/www.jungewelt.de\/artikel\/474561.friedensbewegung-staatsterror-an-unis.html\">https:\/\/www.jungewelt.de\/artikel\/474561.friedensbewegung-staatsterror-an-unis.html<\/a><br><br>Die Proteste an mehr als 30 US-amerikanischen Universit\u00e4ten dauern an, und die gewaltt\u00e4tige Repression von seiten der Polizei nimmt zu. Hunderte von propal\u00e4stinensischen Demonstrierenden wurden auch diese Woche verhaftet. Landesweit sollen Sch\u00e4tzungen von US-Medien zufolge mehr als 1.700 Personen festgenommen worden sein.<\/p>\n\n\n\n<p>Die Forderungen der Studierenden richten sich in erster Linie an ihre Universit\u00e4tsleitungen: Akademische Einrichtungen sollen ihre Gesch\u00e4ftsbeziehungen mit Israel und Unternehmen aufgeben, die mit dem Krieg des israelischen Milit\u00e4rs im Gazastreifen in Verbindung stehen. Ein Protest an der Brown Universit\u00e4t im US-Bundesstaat Rhode Island zeigte bereits Erfolge. Dort r\u00e4umten Studenten ihr Protestcamp bereits am Dienstag nachdem die Unileitung erkl\u00e4rt hatte im Oktober \u00fcber den Abzug der Investitionen abstimmen zu lassen. \u00bbAls Fakult\u00e4tsmitglied, dem die Meinungsfreiheit am Herzen liegt\u00ab, erkl\u00e4rte Sarah Phillips, Professorin f\u00fcr Anthropologie an der Indiana State University am Mittwoch gegen\u00fcber <em>National Public Radio,<\/em> bevor sie am Wochenende auf dem Campus verhaftet wurde, \u00bbsehe ich es als meine Pflicht an, meine Stimme zu erheben\u00ab.<\/p>\n\n\n\n<figure class=\"wp-block-image\"><img decoding=\"async\" src=\"https:\/\/www.jungewelt.de\/img\/450\/194474.jpg\" alt=\"ucla2.JPG\"\/><figcaption class=\"wp-element-caption\">David Swanson\/REUTERS Polizeieinsatz mit Tr\u00e4nengas und Gummigeschossen an der University of California, Los Angeles<\/figcaption><\/figure>\n\n\n\n<p>Am Mittwoch abend versammelten sich Hunderte von Polizeibeamten in Einsatzkleidung auf dem Campus der University of California in Los Angeles (UCLA), um das Protestcamp zu r\u00e4umen, das in der Nacht zuvor von Unterst\u00fctzern der israelischen Regierung angegriffen worden war. Die chaotischen Szenen ereigneten sich nur Stunden nachdem die New Yorker Polizei am Dienstag abend in ein von Kriegsgegnern besetztes Geb\u00e4ude an der Columbia University eingedrungen war und \u00fcber 300 Demonstranten verhaftet hatte. Um drei Uhr morgens begann die Polizei mit einem gewaltigen Aufgebot unter Einsatz von Tr\u00e4nengas und Gummigeschossen zun\u00e4chst die mit Holz verst\u00e4rkten Barrikaden und schlie\u00dflich das gesamte Camp zu r\u00e4umen. Bis zum Morgengrauen sollen laut Polizeiangaben mehr als 130 Demonstranten festgenommen worden sein.<\/p>\n\n\n\n<p>Zwei \u00bbweltweit f\u00fchrende Holocaustforscher\u00ab mit israelischer Staatsb\u00fcrgerschaft, Raz Segal und Omer Bartov, hatten sich am vergangenen Freitag am Protestcamp der University of Pennsylvania getroffen. Bartov erkl\u00e4rte danach gegen\u00fcber dem US-Medium <em>Democracy Now<\/em>, \u00bbes gab keinerlei Anzeichen von Gewalt oder Antisemitismus\u00ab und warnte davor, dass der Vorwurf des Antisemitismus dazu benutzt werde, um israelkritische Stimmen zum Schweigen zu bringen.<\/p>\n\n\n\n<figure class=\"wp-block-image\"><img decoding=\"async\" src=\"https:\/\/www.jungewelt.de\/img\/450\/194475.jpg\" alt=\"ucla3.JPG\"\/><figcaption class=\"wp-element-caption\">Mike Blake\/REUTERS Einsatzkr\u00e4fte mit einem am Boden liegenden Demonstranten an der University of California, Los Angeles<\/figcaption><\/figure>\n\n\n\n<p>In Washington hat das US-Repr\u00e4sentantenhaus am Mittwoch ein Gesetz zur \u00bbSensibilisierung f\u00fcr Antisemitismus\u00ab verabschiedet. Sollte der Senat in den kommenden Tagen zustimmen, wird die Definition der Internationalen Allianz zum Holocaustgedenken (IHRA) zum \u00bbOrientierungspunkt\u00ab f\u00fcr das Bildungsministerium. Antisemitismus ist demnach \u00bbeine bestimmte Wahrnehmung von Juden, die sich als Hass gegen\u00fcber Juden ausdr\u00fccken kann. Der Antisemitismus richtet sich in Wort oder Tat gegen j\u00fcdische oder nichtj\u00fcdische Einzelpersonen und\/oder deren Eigentum sowie gegen j\u00fcdische Gemeindeinstitutionen oder religi\u00f6se Einrichtungen\u00ab. Dass es den Protestierenden vornehmlich um ein Ende des Krieges in Nahost geht, der von der US-Regierung massiv mitgetragen wird, scheinen die hohen politischen Kreise bislang zu ignorieren.<\/p>\n","protected":false},"excerpt":{"rendered":"<p>USA: Studentenproteste mit riesigem Polizeiaufgebot niedergeschlagen. Protestcamps in Los Angeles und New York ger\u00e4umt Quelle: https:\/\/www.jungewelt.de\/artikel\/474561.friedensbewegung-staatsterror-an-unis.html Die Proteste an mehr als 30 US-amerikanischen Universit\u00e4ten dauern an, und die gewaltt\u00e4tige Repression von seiten der Polizei nimmt zu. Hunderte von propal\u00e4stinensischen Demonstrierenden &hellip; <a href=\"https:\/\/www.lagota.ch\/?p=4145\">Continue reading <span class=\"meta-nav\">&rarr;<\/span><\/a><\/p>\n","protected":false},"author":1,"featured_media":0,"comment_status":"closed","ping_status":"open","sticky":false,"template":"","format":"standard","meta":{"footnotes":""},"categories":[1369,1366],"tags":[1102,282,1514,257],"class_list":["post-4145","post","type-post","status-publish","format-standard","hentry","category-antiimperialismus","category-pazifismus","tag-gaza","tag-israel","tag-studentenproteste","tag-usa"],"_links":{"self":[{"href":"https:\/\/www.lagota.ch\/index.php?rest_route=\/wp\/v2\/posts\/4145","targetHints":{"allow":["GET"]}}],"collection":[{"href":"https:\/\/www.lagota.ch\/index.php?rest_route=\/wp\/v2\/posts"}],"about":[{"href":"https:\/\/www.lagota.ch\/index.php?rest_route=\/wp\/v2\/types\/post"}],"author":[{"embeddable":true,"href":"https:\/\/www.lagota.ch\/index.php?rest_route=\/wp\/v2\/users\/1"}],"replies":[{"embeddable":true,"href":"https:\/\/www.lagota.ch\/index.php?rest_route=%2Fwp%2Fv2%2Fcomments&post=4145"}],"version-history":[{"count":1,"href":"https:\/\/www.lagota.ch\/index.php?rest_route=\/wp\/v2\/posts\/4145\/revisions"}],"predecessor-version":[{"id":4146,"href":"https:\/\/www.lagota.ch\/index.php?rest_route=\/wp\/v2\/posts\/4145\/revisions\/4146"}],"wp:attachment":[{"href":"https:\/\/www.lagota.ch\/index.php?rest_route=%2Fwp%2Fv2%2Fmedia&parent=4145"}],"wp:term":[{"taxonomy":"category","embeddable":true,"href":"https:\/\/www.lagota.ch\/index.php?rest_route=%2Fwp%2Fv2%2Fcategories&post=4145"},{"taxonomy":"post_tag","embeddable":true,"href":"https:\/\/www.lagota.ch\/index.php?rest_route=%2Fwp%2Fv2%2Ftags&post=4145"}],"curies":[{"name":"wp","href":"https:\/\/api.w.org\/{rel}","templated":true}]}}