{"id":4162,"date":"2024-06-26T15:05:58","date_gmt":"2024-06-26T14:05:58","guid":{"rendered":"https:\/\/www.lagota.ch\/?p=4162"},"modified":"2024-06-26T15:05:58","modified_gmt":"2024-06-26T14:05:58","slug":"veranstaltung-der-jungen-tat-in-langenthal-gestort","status":"publish","type":"post","link":"https:\/\/www.lagota.ch\/?p=4162","title":{"rendered":"Veranstaltung der Jungen Tat in Langenthal gest\u00f6rt"},"content":{"rendered":"\n<p>Quelle: <a href=\"https:\/\/barrikade.info\/article\/6493\">https:\/\/barrikade.info\/article\/6493<\/a><br><br>Heute am 22.6.24 wollte die Junge Tat im Rahmen ihrer rassistischen \u201eRemigrations\u201c-Kampagne eine Veranstaltung im beschaulichen Langenthal durchf\u00fchren. Nebst den nur wenigen G\u00e4sten der Veranstaltung waren jedoch auch wir Antifaschist:innen p\u00fcnktlich auf dem Platz.<\/p>\n\n\n\n<figure class=\"wp-block-image size-full\"><a href=\"https:\/\/www.lagota.ch\/wp-content\/uploads\/arton6493.png\"><img loading=\"lazy\" decoding=\"async\" width=\"710\" height=\"398\" src=\"https:\/\/www.lagota.ch\/wp-content\/uploads\/arton6493.png\" alt=\"\" class=\"wp-image-4163\" srcset=\"https:\/\/www.lagota.ch\/wp-content\/uploads\/arton6493.png 710w, https:\/\/www.lagota.ch\/wp-content\/uploads\/arton6493-300x168.png 300w\" sizes=\"auto, (max-width: 710px) 100vw, 710px\" \/><\/a><\/figure>\n\n\n\n<p>Die erschrocken davonrennenden Neonazis informierten daraufhin ihre Kameraden in der M\u00fchle. Somit wurden wir von einem l\u00e4cherlich am Fenster im 1. Stock tanzenden Corchia empfangen, w\u00e4hrend im Veranstaltungsraum die grosse Hektik ausbrach. Da sich die Internethelden nicht aus ihrer M\u00fchle trauten, haben wir uns den Skoda von Corchia vorgenommen. Diese Aktion liess den Kragen vom emotionalen Lingg endg\u00fcltig platzen und er kam, gefolgt von Roman W\u00fcthrich und Colin Schaffner, wild fuchtelnd und sch\u00e4umend aus der M\u00fchle gest\u00fcrmt. W\u00fcthrich versuchte uns Steine schmeissend fernzuhalten, w\u00e4hrend Lingg, ausser sich vor lauter Gef\u00fchlen aufgrund des zerst\u00f6rten Skodas, zur\u00fcckgehalten werden musste. Wir liessen uns nicht unn\u00f6tig von den Faschos provozieren und zogen unseren Plan durch. Denn die Clowns der JT riefen nat\u00fcrlich &#8211; wie immer, wenn sie sich mit Antifaschist:innen konfrontiert sehen &#8211; sofort die Polizei. Wir liessen die erschrockenen Neonazis im Schutz der Bullen zur\u00fcck und gingen geschlossen unseres Weges.<\/p>\n\n\n\n<p>Somit fiel die rassistische Veranstaltung nicht nur wegen dem schlechten Wetter ins Wasser, sondern es wurden auch viele Tr\u00e4nen seitens der Neonazis wegen dem brennenden Pfefferspray und Corchias zerst\u00f6rtem Auto vergossen.<\/p>\n\n\n\n<p>Wir halten fest: Es gibt kein ruhiges Hinterland und Neonazi sein heisst: Probleme kriegen! Und wir w\u00fcnschen Corchia und Lingg nun viel Spass beim \u00d6V fahren.<\/p>\n","protected":false},"excerpt":{"rendered":"<p>Quelle: https:\/\/barrikade.info\/article\/6493 Heute am 22.6.24 wollte die Junge Tat im Rahmen ihrer rassistischen \u201eRemigrations\u201c-Kampagne eine Veranstaltung im beschaulichen Langenthal durchf\u00fchren. Nebst den nur wenigen G\u00e4sten der Veranstaltung waren jedoch auch wir Antifaschist:innen p\u00fcnktlich auf dem Platz. Die erschrocken davonrennenden Neonazis &hellip; <a href=\"https:\/\/www.lagota.ch\/?p=4162\">Continue reading <span class=\"meta-nav\">&rarr;<\/span><\/a><\/p>\n","protected":false},"author":1,"featured_media":0,"comment_status":"closed","ping_status":"open","sticky":false,"template":"","format":"standard","meta":{"footnotes":""},"categories":[13,328,16],"tags":[1149,1263,902,1512],"class_list":["post-4162","post","type-post","status-publish","format-standard","hentry","category-antifa","category-antira","category-schweiz","tag-antifa","tag-junge-tat","tag-nazis","tag-remigration"],"_links":{"self":[{"href":"https:\/\/www.lagota.ch\/index.php?rest_route=\/wp\/v2\/posts\/4162","targetHints":{"allow":["GET"]}}],"collection":[{"href":"https:\/\/www.lagota.ch\/index.php?rest_route=\/wp\/v2\/posts"}],"about":[{"href":"https:\/\/www.lagota.ch\/index.php?rest_route=\/wp\/v2\/types\/post"}],"author":[{"embeddable":true,"href":"https:\/\/www.lagota.ch\/index.php?rest_route=\/wp\/v2\/users\/1"}],"replies":[{"embeddable":true,"href":"https:\/\/www.lagota.ch\/index.php?rest_route=%2Fwp%2Fv2%2Fcomments&post=4162"}],"version-history":[{"count":1,"href":"https:\/\/www.lagota.ch\/index.php?rest_route=\/wp\/v2\/posts\/4162\/revisions"}],"predecessor-version":[{"id":4164,"href":"https:\/\/www.lagota.ch\/index.php?rest_route=\/wp\/v2\/posts\/4162\/revisions\/4164"}],"wp:attachment":[{"href":"https:\/\/www.lagota.ch\/index.php?rest_route=%2Fwp%2Fv2%2Fmedia&parent=4162"}],"wp:term":[{"taxonomy":"category","embeddable":true,"href":"https:\/\/www.lagota.ch\/index.php?rest_route=%2Fwp%2Fv2%2Fcategories&post=4162"},{"taxonomy":"post_tag","embeddable":true,"href":"https:\/\/www.lagota.ch\/index.php?rest_route=%2Fwp%2Fv2%2Ftags&post=4162"}],"curies":[{"name":"wp","href":"https:\/\/api.w.org\/{rel}","templated":true}]}}